{"id":50598,"date":"2022-06-07T21:06:34","date_gmt":"2022-06-07T21:06:34","guid":{"rendered":"http:\/\/noticiastelered.com\/PortalDNoticias\/?p=50598"},"modified":"2022-06-07T21:06:35","modified_gmt":"2022-06-07T21:06:35","slug":"estos-son-los-jugadores-del-tri-que-participaran-en-la-liga-de-naciones%ef%bf%bc","status":"publish","type":"post","link":"http:\/\/noticiastelered.com\/PortalDNoticias\/estos-son-los-jugadores-del-tri-que-participaran-en-la-liga-de-naciones%ef%bf%bc\/","title":{"rendered":"Estos son los jugadores del Tri que participar\u00e1n en la Liga de Naciones\ufffc"},"content":{"rendered":"\n<p>La Selecci\u00f3n Mexicana defini\u00f3 a los jugadores que continuar\u00e1n con su participaci\u00f3n internacional este verano, Diego Lainez, Orbel\u00edn Pineda y Marcelo Flores encabezan al Tri que disputar\u00e1 los duelos ante Surinam y Jamaica en la Liga de Naciones de Concacaf.<\/p>\n\n\n\n<p>Ser\u00e1n 23 jugadores los que contin\u00faen bajo el mando de Gerardo Martino para el inicio de la justa internacional. El combinado nacional le permiti\u00f3 a 15 jugadores romper la concentraci\u00f3n para integrarse a las pretemporadas de sus respectivas escuadras, aunque destaca la incorporaci\u00f3n de David Ochoa, el guardameta ya hab\u00eda sido considerado por Martino con anterioridad.<\/p>\n\n\n\n<p>El Tri continuar\u00e1 con su preparaci\u00f3n en el Centro de Alto Rendimiento para viajar el viernes por la tarde a Torre\u00f3n en donde har\u00e1n el reconocimiento de cancha del TSM. Tras el duelo ante Surinam, el equipo viajar\u00e1 a Kingston para medirse ante Jamaica el d\u00eda 14 de junio.<\/p>\n\n\n\n<p>PORTEROS: Carlos Acevedo (Santos\/MEX), Rodolfo Cota (Le\u00f3n\/MEX) y David Ochoa (Real Salt Lake\/USA).<\/p>\n\n\n\n<p>DEFENSAS: Erik Aguirre (Monterrey\/MEX), Kevin \u00c1lvarez (Pachuca\/MEX), Jes\u00fas Angulo (Tigres\/MEX), Israel Reyes (Puebla\/MEX), Juli\u00e1n Araujo (LA Galaxy\/USA), Julio C\u00e9sar Dom\u00ednguez (Cruz Azul\/MEX) y Jes\u00fas Gallardo (Monterrey\/MEX).<\/p>\n\n\n\n<p>MEDIOCAMPISTAS: Uriel Antuna (Cruz Azul\/MEX), Diego Lainez (Betis\/ESP), Orbel\u00edn Pineda (Celta\/ESP), Rodolfo Pizarro (Monterrey\/MEX), Luis Romo (Monterrey\/MEX), Fernando Beltr\u00e1n (Chivas\/MEX), Erik Lira (Cruz Azul\/MEX), Luis Ch\u00e1vez (Pachuca\/MEX), Erick S\u00e1nchez (Pachuca\/MEX) y Sebasti\u00e1n C\u00f3rdova (Tigres\/MEX).<\/p>\n\n\n\n<p>DELANTEROS: Marcelo Flores (Arsenal\/ING), Henry Mart\u00edn (Am\u00e9rica\/MEX) y Santiago Gim\u00e9nez (Cruz Azul\/MEX).<\/p>\n\n\n<p><!-- \/wp:paragraph --><\/p>\n<p><!-- Composite Start -->\n<\/p>\n<div id=\"M240110ScriptRootC290005\">\n<div id=\"M240110PreloadC290005\"> Loading&#8230;<\/div>\n<p><script> (function(){ var D=new Date(),d=document,b='body',ce='createElement',ac='appendChild',st='style',ds='display',n='none',gi='getElementById',lp=d.location.protocol,wp=lp.indexOf('http')==0?lp:'https:'; var i=d[ce]('iframe');i[st][ds]=n;d[gi](\"M240110ScriptRootC290005\")[ac](i);try{var iw=i.contentWindow.document;iw.open();iw.writeln(\"<ht\"+\"ml><bo\"+\"dy><\/bo\"+\"dy><\/ht\"+\"ml>\");iw.close();var c=iw[b];} catch(e){var iw=d;var c=d[gi](\"M240110ScriptRootC290005\");}var dv=iw[ce]('div');dv.id=\"MG_ID\";dv[st][ds]=n;dv.innerHTML=290005;c[ac](dv); var s=iw[ce]('script');s.async='async';s.defer='defer';s.charset='utf-8';s.src=wp+\"\/\/jsc.mgid.com\/n\/o\/noticiastelered.com.290005.js?t=\"+D.getYear()+D.getMonth()+D.getUTCDate()+D.getUTCHours();c[ac](s);})(); <\/script><\/p>\n<\/div>\n<p><!-- Composite End --><\/p>","protected":false},"excerpt":{"rendered":"<p>La Selecci\u00f3n Mexicana defini\u00f3 a los jugadores que continuar\u00e1n con su participaci\u00f3n internacional este verano, Diego Lainez, Orbel\u00edn Pineda y Marcelo Flores encabezan al Tri que disputar\u00e1 los duelos ante Surinam y Jamaica en la Liga de Naciones de Concacaf. [&hellip;]<\/p>\n","protected":false},"author":2,"featured_media":50600,"comment_status":"open","ping_status":"open","sticky":false,"template":"","format":"standard","meta":[],"categories":[6],"tags":[],"_links":{"self":[{"href":"http:\/\/noticiastelered.com\/PortalDNoticias\/wp-json\/wp\/v2\/posts\/50598"}],"collection":[{"href":"http:\/\/noticiastelered.com\/PortalDNoticias\/wp-json\/wp\/v2\/posts"}],"about":[{"href":"http:\/\/noticiastelered.com\/PortalDNoticias\/wp-json\/wp\/v2\/types\/post"}],"author":[{"embeddable":true,"href":"http:\/\/noticiastelered.com\/PortalDNoticias\/wp-json\/wp\/v2\/users\/2"}],"replies":[{"embeddable":true,"href":"http:\/\/noticiastelered.com\/PortalDNoticias\/wp-json\/wp\/v2\/comments?post=50598"}],"version-history":[{"count":1,"href":"http:\/\/noticiastelered.com\/PortalDNoticias\/wp-json\/wp\/v2\/posts\/50598\/revisions"}],"predecessor-version":[{"id":50601,"href":"http:\/\/noticiastelered.com\/PortalDNoticias\/wp-json\/wp\/v2\/posts\/50598\/revisions\/50601"}],"wp:featuredmedia":[{"embeddable":true,"href":"http:\/\/noticiastelered.com\/PortalDNoticias\/wp-json\/wp\/v2\/media\/50600"}],"wp:attachment":[{"href":"http:\/\/noticiastelered.com\/PortalDNoticias\/wp-json\/wp\/v2\/media?parent=50598"}],"wp:term":[{"taxonomy":"category","embeddable":true,"href":"http:\/\/noticiastelered.com\/PortalDNoticias\/wp-json\/wp\/v2\/categories?post=50598"},{"taxonomy":"post_tag","embeddable":true,"href":"http:\/\/noticiastelered.com\/PortalDNoticias\/wp-json\/wp\/v2\/tags?post=50598"}],"curies":[{"name":"wp","href":"https:\/\/api.w.org\/{rel}","templated":true}]}}