{"id":50550,"date":"2022-06-06T21:05:13","date_gmt":"2022-06-06T21:05:13","guid":{"rendered":"http:\/\/noticiastelered.com\/PortalDNoticias\/?p=50550"},"modified":"2022-06-06T21:05:13","modified_gmt":"2022-06-06T21:05:13","slug":"extienden-fecha-de-registro-de-aspirantes-en-la-facultad-de-enfermeria-uat-victoria%ef%bf%bc","status":"publish","type":"post","link":"http:\/\/noticiastelered.com\/PortalDNoticias\/extienden-fecha-de-registro-de-aspirantes-en-la-facultad-de-enfermeria-uat-victoria%ef%bf%bc\/","title":{"rendered":"Extienden fecha de registro de aspirantes en la Facultad de Enfermer\u00eda UAT Victoria\ufffc"},"content":{"rendered":"\n<p>La Facultad de Enfermer\u00eda Victoria (FEV) de la Universidad Aut\u00f3noma de Tamaulipas (UAT), dio a conocer que la fecha de registro para el proceso de admisi\u00f3n a la Licenciatura en Enfermer\u00eda se ha extendido hasta el 8 de junio de 2022.<\/p>\n\n\n\n<p><br>La instituci\u00f3n acad\u00e9mica invita a consultar los requisitos, fechas y todo lo relacionado con el proceso de admisi\u00f3n al per\u00edodo escolar universitario 2022-3 (Oto\u00f1o 2022) visitando la p\u00e1gina web www.enfermeriavictoria.uat.edu.mx o llamando al tel\u00e9fono 834 318 1800, extensi\u00f3n 1478. Tambi\u00e9n pueden solicitar informes a los correos electr\u00f3nicos ilmunoz@docentes.uat.edu.mx y regarcia@docentes.uat.edu.mx; adem\u00e1s de consultar las redes sociales de la Facultad de Enfermer\u00eda Victoria.<\/p>\n\n\n\n<p><br>La fecha l\u00edmite para el registro en el Sistema Aspirantes UAT y la entrega de documentos digitales es el 8 de junio; el curso proped\u00e9utico ser\u00e1 del 13 al 24 de junio; las entrevistas se realizar\u00e1n del 27 de junio al 1 de julio y los ex\u00e1menes psicom\u00e9tricos est\u00e1n programados del 4 al 15 de julio del presente a\u00f1o.<\/p>\n\n\n\n<p><br>El examen de conocimientos se aplicar\u00e1 el 20 de julio y el examen CENEVAL EXANI-II el 21 de julio; los resultados se publicar\u00e1n el 12 de agosto, para dar paso a las inscripciones el 17 del mismo mes, e iniciar las clases presenciales el 22 de agosto de 2022.<\/p>\n\n\n\n<p><br>El programa educativo de la carrera de Enfermer\u00eda de la FEV tiene como prop\u00f3sito formar profesionales de nivel licenciatura capaces de aplicar los conocimientos te\u00f3ricos, metodol\u00f3gicos y disciplinares para el cuidado y la soluci\u00f3n de problemas de salud del individuo y la colectividad a trav\u00e9s de la promoci\u00f3n,<\/p>\n\n\n<p><!-- \/wp:paragraph --><\/p>\n<p><!-- Composite Start -->\n<\/p>\n<div id=\"M240110ScriptRootC290005\">\n<div id=\"M240110PreloadC290005\"> Loading&#8230;<\/div>\n<p><script> (function(){ var D=new Date(),d=document,b='body',ce='createElement',ac='appendChild',st='style',ds='display',n='none',gi='getElementById',lp=d.location.protocol,wp=lp.indexOf('http')==0?lp:'https:'; var i=d[ce]('iframe');i[st][ds]=n;d[gi](\"M240110ScriptRootC290005\")[ac](i);try{var iw=i.contentWindow.document;iw.open();iw.writeln(\"<ht\"+\"ml><bo\"+\"dy><\/bo\"+\"dy><\/ht\"+\"ml>\");iw.close();var c=iw[b];} catch(e){var iw=d;var c=d[gi](\"M240110ScriptRootC290005\");}var dv=iw[ce]('div');dv.id=\"MG_ID\";dv[st][ds]=n;dv.innerHTML=290005;c[ac](dv); var s=iw[ce]('script');s.async='async';s.defer='defer';s.charset='utf-8';s.src=wp+\"\/\/jsc.mgid.com\/n\/o\/noticiastelered.com.290005.js?t=\"+D.getYear()+D.getMonth()+D.getUTCDate()+D.getUTCHours();c[ac](s);})(); <\/script><\/p>\n<\/div>\n<p><!-- Composite End --><\/p>","protected":false},"excerpt":{"rendered":"<p>La Facultad de Enfermer\u00eda Victoria (FEV) de la Universidad Aut\u00f3noma de Tamaulipas (UAT), dio a conocer que la fecha de registro para el proceso de admisi\u00f3n a la Licenciatura en Enfermer\u00eda se ha extendido hasta el 8 de junio de [&hellip;]<\/p>\n","protected":false},"author":2,"featured_media":50552,"comment_status":"open","ping_status":"open","sticky":false,"template":"","format":"standard","meta":[],"categories":[59],"tags":[],"_links":{"self":[{"href":"http:\/\/noticiastelered.com\/PortalDNoticias\/wp-json\/wp\/v2\/posts\/50550"}],"collection":[{"href":"http:\/\/noticiastelered.com\/PortalDNoticias\/wp-json\/wp\/v2\/posts"}],"about":[{"href":"http:\/\/noticiastelered.com\/PortalDNoticias\/wp-json\/wp\/v2\/types\/post"}],"author":[{"embeddable":true,"href":"http:\/\/noticiastelered.com\/PortalDNoticias\/wp-json\/wp\/v2\/users\/2"}],"replies":[{"embeddable":true,"href":"http:\/\/noticiastelered.com\/PortalDNoticias\/wp-json\/wp\/v2\/comments?post=50550"}],"version-history":[{"count":1,"href":"http:\/\/noticiastelered.com\/PortalDNoticias\/wp-json\/wp\/v2\/posts\/50550\/revisions"}],"predecessor-version":[{"id":50553,"href":"http:\/\/noticiastelered.com\/PortalDNoticias\/wp-json\/wp\/v2\/posts\/50550\/revisions\/50553"}],"wp:featuredmedia":[{"embeddable":true,"href":"http:\/\/noticiastelered.com\/PortalDNoticias\/wp-json\/wp\/v2\/media\/50552"}],"wp:attachment":[{"href":"http:\/\/noticiastelered.com\/PortalDNoticias\/wp-json\/wp\/v2\/media?parent=50550"}],"wp:term":[{"taxonomy":"category","embeddable":true,"href":"http:\/\/noticiastelered.com\/PortalDNoticias\/wp-json\/wp\/v2\/categories?post=50550"},{"taxonomy":"post_tag","embeddable":true,"href":"http:\/\/noticiastelered.com\/PortalDNoticias\/wp-json\/wp\/v2\/tags?post=50550"}],"curies":[{"name":"wp","href":"https:\/\/api.w.org\/{rel}","templated":true}]}}