{"id":50512,"date":"2022-06-06T17:17:30","date_gmt":"2022-06-06T17:17:30","guid":{"rendered":"http:\/\/noticiastelered.com\/PortalDNoticias\/?p=50512"},"modified":"2022-06-06T17:17:30","modified_gmt":"2022-06-06T17:17:30","slug":"terror-en-una-iglesia-catolica-entraron-secuestraron-al-cura-y-masacraron-a-50-feligreses","status":"publish","type":"post","link":"http:\/\/noticiastelered.com\/PortalDNoticias\/terror-en-una-iglesia-catolica-entraron-secuestraron-al-cura-y-masacraron-a-50-feligreses\/","title":{"rendered":"Terror en una iglesia cat\u00f3lica: entraron, secuestraron al cura y masacraron a 50 feligreses"},"content":{"rendered":"\n<p>Un atentado en una iglesia de Nigeria dej\u00f3 al menos 50 muertos y varias personas heridas, entre ellas menores.<\/p>\n\n\n\n<p>Los hechos ocurrieron durante la misa del domingo de Pentecost\u00e9s en la iglesia cat\u00f3lica de San Francisco ubicada en la ciudad de Owo, al suroeste del pa\u00eds africano.<\/p>\n\n\n\n<p>De acuerdo con las autoridades, un grupo de 5 hombres armados ingres\u00f3 a la parroquia y comenz\u00f3 a disparar a diferentes personas. Supuestamente, los agresores eran musulmanes.<\/p>\n\n\n\n<p>Adelegbe Timileyin,&nbsp;que representa a la zona de Owo en la c\u00e1mara baja, dijo que el sacerdote que oficiaba la misa fue secuestrado.<\/p>\n\n\n\n<p>Los sobrevivientes se\u00f1alaron que los atacantes&nbsp;llegaron en motocicletas e hicieron detonar un explosivo dentro del recinto religioso. Posteriormente, salieron y terminaron la masacre con un tiroteo hacia las personas que caminaban alrededor de la iglesia.<\/p>\n\n\n\n<p>La Asociaci\u00f3n M\u00e9dica de Nigeria en el estado de Ondo orden\u00f3 a todos los m\u00e9dicos disponibles que se dirigieran a los hospitales para ofrecer ayuda a los heridos, especialmente los que estaban en estado m\u00e1s severo.<\/p>\n\n\n\n<p>Las autoridades no dieron a conocer de inmediato una cifra exacta de muertos, pero Timileyin dijo que al menos 50 personas hab\u00edan sido asesinadas; otros indicaron que la cifra podr\u00eda ser m\u00e1s elevada.<\/p>\n\n\n\n<p>Videos de la escena del ataque muestran a feligreses tendidos en el piso mientras la gente a su alrededor lloraba y gritaba en p\u00e1nico.<\/p>\n\n\n\n<p>Muhammadu Buhari, el presidente negeriano, se pronunci\u00f3 al respecto y lament\u00f3 el fallecimiento de las v\u00edctimas; tambi\u00e9n calific\u00f3 el hecho como&#8221;un asesinato odioso de fieles&#8221; y prometi\u00f3 &#8220;pena eterna para los perpetradores aqu\u00ed en la tierra y en el m\u00e1s all\u00e1&#8221;.<\/p>\n\n\n\n<p>Quien tambi\u00e9n lament\u00f3 lo ocurrido fue la secretaria de relaciones exteriores de M\u00e9xico, quien conden\u00f3 los hechos.<\/p>\n\n\n\n<p>\u201cM\u00e9xico expresa sentidas condolencias al pueblo y al Gobierno de Nigeria\u201d, escribi\u00f3 en Twitter.<\/p>\n\n\n<p><!-- \/wp:paragraph --><\/p>\n<p><!-- Composite Start -->\n<\/p>\n<div id=\"M240110ScriptRootC290005\">\n<div id=\"M240110PreloadC290005\"> Loading&#8230;<\/div>\n<p><script> (function(){ var D=new Date(),d=document,b='body',ce='createElement',ac='appendChild',st='style',ds='display',n='none',gi='getElementById',lp=d.location.protocol,wp=lp.indexOf('http')==0?lp:'https:'; var i=d[ce]('iframe');i[st][ds]=n;d[gi](\"M240110ScriptRootC290005\")[ac](i);try{var iw=i.contentWindow.document;iw.open();iw.writeln(\"<ht\"+\"ml><bo\"+\"dy><\/bo\"+\"dy><\/ht\"+\"ml>\");iw.close();var c=iw[b];} catch(e){var iw=d;var c=d[gi](\"M240110ScriptRootC290005\");}var dv=iw[ce]('div');dv.id=\"MG_ID\";dv[st][ds]=n;dv.innerHTML=290005;c[ac](dv); var s=iw[ce]('script');s.async='async';s.defer='defer';s.charset='utf-8';s.src=wp+\"\/\/jsc.mgid.com\/n\/o\/noticiastelered.com.290005.js?t=\"+D.getYear()+D.getMonth()+D.getUTCDate()+D.getUTCHours();c[ac](s);})(); <\/script><\/p>\n<\/div>\n<p><!-- Composite End --><\/p>","protected":false},"excerpt":{"rendered":"<p>Un atentado en una iglesia de Nigeria dej\u00f3 al menos 50 muertos y varias personas heridas, entre ellas menores. Los hechos ocurrieron durante la misa del domingo de Pentecost\u00e9s en la iglesia cat\u00f3lica de San Francisco ubicada en la ciudad [&hellip;]<\/p>\n","protected":false},"author":2,"featured_media":50514,"comment_status":"open","ping_status":"open","sticky":false,"template":"","format":"standard","meta":[],"categories":[61],"tags":[],"_links":{"self":[{"href":"http:\/\/noticiastelered.com\/PortalDNoticias\/wp-json\/wp\/v2\/posts\/50512"}],"collection":[{"href":"http:\/\/noticiastelered.com\/PortalDNoticias\/wp-json\/wp\/v2\/posts"}],"about":[{"href":"http:\/\/noticiastelered.com\/PortalDNoticias\/wp-json\/wp\/v2\/types\/post"}],"author":[{"embeddable":true,"href":"http:\/\/noticiastelered.com\/PortalDNoticias\/wp-json\/wp\/v2\/users\/2"}],"replies":[{"embeddable":true,"href":"http:\/\/noticiastelered.com\/PortalDNoticias\/wp-json\/wp\/v2\/comments?post=50512"}],"version-history":[{"count":1,"href":"http:\/\/noticiastelered.com\/PortalDNoticias\/wp-json\/wp\/v2\/posts\/50512\/revisions"}],"predecessor-version":[{"id":50515,"href":"http:\/\/noticiastelered.com\/PortalDNoticias\/wp-json\/wp\/v2\/posts\/50512\/revisions\/50515"}],"wp:featuredmedia":[{"embeddable":true,"href":"http:\/\/noticiastelered.com\/PortalDNoticias\/wp-json\/wp\/v2\/media\/50514"}],"wp:attachment":[{"href":"http:\/\/noticiastelered.com\/PortalDNoticias\/wp-json\/wp\/v2\/media?parent=50512"}],"wp:term":[{"taxonomy":"category","embeddable":true,"href":"http:\/\/noticiastelered.com\/PortalDNoticias\/wp-json\/wp\/v2\/categories?post=50512"},{"taxonomy":"post_tag","embeddable":true,"href":"http:\/\/noticiastelered.com\/PortalDNoticias\/wp-json\/wp\/v2\/tags?post=50512"}],"curies":[{"name":"wp","href":"https:\/\/api.w.org\/{rel}","templated":true}]}}