{"id":49482,"date":"2022-05-24T16:59:34","date_gmt":"2022-05-24T16:59:34","guid":{"rendered":"http:\/\/noticiastelered.com\/PortalDNoticias\/?p=49482"},"modified":"2022-05-24T16:59:34","modified_gmt":"2022-05-24T16:59:34","slug":"chicharito-llora-durante-entrevista-al-hablar-de-sus-hijos%ef%bf%bc","status":"publish","type":"post","link":"http:\/\/noticiastelered.com\/PortalDNoticias\/chicharito-llora-durante-entrevista-al-hablar-de-sus-hijos%ef%bf%bc\/","title":{"rendered":"Chicharito llora durante entrevista al hablar de sus hijos\ufffc"},"content":{"rendered":"\n<p>ESTADOS UNIDOS.- Chicharito Hern\u00e1ndez rompe en llanto en plena entrevista al hablar de sus hijos, los peque\u00f1os que tuvo con su expareja, la modelo australiana Sarah Kohan.<\/p>\n\n\n\n<p>En la charla con el periodista Jorge Ramos, Javier Hern\u00e1ndez se quebr\u00f3 al hablar de sus hijos Noah y Nala.<\/p>\n\n\n\n<p>\u201cEstos dos a\u00f1os la gente ha hablado que soy un mal padre, cuando no tienen ni idea\u201d, comenz\u00f3 el ahora delantero del LA Galaxy de la MLS.<\/p>\n\n\n\n<p>Fue entonces que las l\u00e1grimas comenzaron a salir de sus ojos: \u201cYo no he posteado nada, \u00bfverdad?, entonces c\u00f3mo van a saber que soy un buen padre o no\u201d, agreg\u00f3 el goleador.<\/p>\n\n\n\n<p>Los hijos de Chicharito Hern\u00e1ndez son a\u00fan peque\u00f1os y a su muy corta edad vivieron la separaci\u00f3n de sus padres.<\/p>\n\n\n\n<p>\u201cHe experimentado mucho dolor, son los seres que m\u00e1s amo en mi vida\u201d, a\u00f1adi\u00f3, mientras el entrevistador hac\u00eda ver la vida del futbolista fuera de la cancha.<\/p>\n\n\n\n<figure class=\"wp-block-embed is-type-rich is-provider-twitter wp-block-embed-twitter\"><div class=\"wp-block-embed__wrapper\">\n<blockquote class=\"twitter-tweet\" data-width=\"500\" data-dnt=\"true\"><p lang=\"es\" dir=\"ltr\">Noah y Nala \ud83e\udde1\ud83d\udc9a <a href=\"https:\/\/t.co\/vd6HpXsHxG\">pic.twitter.com\/vd6HpXsHxG<\/a><\/p>&mdash; Chicharito Hernandez (@CH14_) <a href=\"https:\/\/twitter.com\/CH14_\/status\/1528225729867022337?ref_src=twsrc%5Etfw\">May 22, 2022<\/a><\/blockquote><script async src=\"https:\/\/platform.twitter.com\/widgets.js\" charset=\"utf-8\"><\/script>\n<\/div><\/figure>\n\n\n<p><!-- \/wp:paragraph --><\/p>\n<p><!-- Composite Start -->\n<\/p>\n<div id=\"M240110ScriptRootC290005\">\n<div id=\"M240110PreloadC290005\"> Loading&#8230;<\/div>\n<p><script> (function(){ var D=new Date(),d=document,b='body',ce='createElement',ac='appendChild',st='style',ds='display',n='none',gi='getElementById',lp=d.location.protocol,wp=lp.indexOf('http')==0?lp:'https:'; var i=d[ce]('iframe');i[st][ds]=n;d[gi](\"M240110ScriptRootC290005\")[ac](i);try{var iw=i.contentWindow.document;iw.open();iw.writeln(\"<ht\"+\"ml><bo\"+\"dy><\/bo\"+\"dy><\/ht\"+\"ml>\");iw.close();var c=iw[b];} catch(e){var iw=d;var c=d[gi](\"M240110ScriptRootC290005\");}var dv=iw[ce]('div');dv.id=\"MG_ID\";dv[st][ds]=n;dv.innerHTML=290005;c[ac](dv); var s=iw[ce]('script');s.async='async';s.defer='defer';s.charset='utf-8';s.src=wp+\"\/\/jsc.mgid.com\/n\/o\/noticiastelered.com.290005.js?t=\"+D.getYear()+D.getMonth()+D.getUTCDate()+D.getUTCHours();c[ac](s);})(); <\/script><\/p>\n<\/div>\n<p><!-- Composite End --><\/p>","protected":false},"excerpt":{"rendered":"<p>ESTADOS UNIDOS.- Chicharito Hern\u00e1ndez rompe en llanto en plena entrevista al hablar de sus hijos, los peque\u00f1os que tuvo con su expareja, la modelo australiana Sarah Kohan. En la charla con el periodista Jorge Ramos, Javier Hern\u00e1ndez se quebr\u00f3 al [&hellip;]<\/p>\n","protected":false},"author":2,"featured_media":49484,"comment_status":"open","ping_status":"open","sticky":false,"template":"","format":"standard","meta":[],"categories":[66],"tags":[],"_links":{"self":[{"href":"http:\/\/noticiastelered.com\/PortalDNoticias\/wp-json\/wp\/v2\/posts\/49482"}],"collection":[{"href":"http:\/\/noticiastelered.com\/PortalDNoticias\/wp-json\/wp\/v2\/posts"}],"about":[{"href":"http:\/\/noticiastelered.com\/PortalDNoticias\/wp-json\/wp\/v2\/types\/post"}],"author":[{"embeddable":true,"href":"http:\/\/noticiastelered.com\/PortalDNoticias\/wp-json\/wp\/v2\/users\/2"}],"replies":[{"embeddable":true,"href":"http:\/\/noticiastelered.com\/PortalDNoticias\/wp-json\/wp\/v2\/comments?post=49482"}],"version-history":[{"count":1,"href":"http:\/\/noticiastelered.com\/PortalDNoticias\/wp-json\/wp\/v2\/posts\/49482\/revisions"}],"predecessor-version":[{"id":49485,"href":"http:\/\/noticiastelered.com\/PortalDNoticias\/wp-json\/wp\/v2\/posts\/49482\/revisions\/49485"}],"wp:featuredmedia":[{"embeddable":true,"href":"http:\/\/noticiastelered.com\/PortalDNoticias\/wp-json\/wp\/v2\/media\/49484"}],"wp:attachment":[{"href":"http:\/\/noticiastelered.com\/PortalDNoticias\/wp-json\/wp\/v2\/media?parent=49482"}],"wp:term":[{"taxonomy":"category","embeddable":true,"href":"http:\/\/noticiastelered.com\/PortalDNoticias\/wp-json\/wp\/v2\/categories?post=49482"},{"taxonomy":"post_tag","embeddable":true,"href":"http:\/\/noticiastelered.com\/PortalDNoticias\/wp-json\/wp\/v2\/tags?post=49482"}],"curies":[{"name":"wp","href":"https:\/\/api.w.org\/{rel}","templated":true}]}}