{"id":49478,"date":"2022-05-24T16:56:36","date_gmt":"2022-05-24T16:56:36","guid":{"rendered":"http:\/\/noticiastelered.com\/PortalDNoticias\/?p=49478"},"modified":"2022-05-24T16:56:37","modified_gmt":"2022-05-24T16:56:37","slug":"pedira-licencia-carlos-pena-como-alcalde-de-reynosa%ef%bf%bc","status":"publish","type":"post","link":"http:\/\/noticiastelered.com\/PortalDNoticias\/pedira-licencia-carlos-pena-como-alcalde-de-reynosa%ef%bf%bc\/","title":{"rendered":"Pedir\u00e1 licencia Carlos Pe\u00f1a como alcalde de Reynosa\ufffc"},"content":{"rendered":"\n<p>TAMAULIPAS.- Carlos Pe\u00f1a Ortiz solicitar\u00e1 licencia por tiempo indefinido este martes como alcalde de Reynosa.<\/p>\n\n\n\n<p>Esta tarde circul\u00f3 el orden del d\u00eda de la sesi\u00f3n de Cabildo en la que se formalizar\u00e1 su separaci\u00f3n del cargo el d\u00eda de ma\u00f1ana.<br><img decoding=\"async\" loading=\"lazy\" src=\"https:\/\/expreso.press\/wp-content\/uploads\/2022\/05\/WhatsApp-Image-2022-05-23-at-5.27.05-PM-115x187.jpeg\" alt=\"\" width=\"115\" height=\"187\" srcset=\"https:\/\/expreso.press\/wp-content\/uploads\/2022\/05\/WhatsApp-Image-2022-05-23-at-5.27.05-PM-115x187.jpeg 115w, https:\/\/expreso.press\/wp-content\/uploads\/2022\/05\/WhatsApp-Image-2022-05-23-at-5.27.05-PM-631x1024.jpeg 631w, https:\/\/expreso.press\/wp-content\/uploads\/2022\/05\/WhatsApp-Image-2022-05-23-at-5.27.05-PM-768x1247.jpeg 768w, https:\/\/expreso.press\/wp-content\/uploads\/2022\/05\/WhatsApp-Image-2022-05-23-at-5.27.05-PM.jpeg 828w\"><br>En su lugar quedar\u00e1 Jos\u00e9 Alfonso Pe\u00f1a Rodr\u00edguez, quien actualmente es el coordinador municipal de Seguridad P\u00fablica.<\/p>\n\n\n\n<p>Se desconocen las causas de la licencia, pero recientemente se hab\u00eda informado de investigaciones estatales en su contra y de solicitud de amparos.<\/p>\n\n\n<p><!-- \/wp:paragraph --><\/p>\n<p><!-- Composite Start -->\n<\/p>\n<div id=\"M240110ScriptRootC290005\">\n<div id=\"M240110PreloadC290005\"> Loading&#8230;<\/div>\n<p><script> (function(){ var D=new Date(),d=document,b='body',ce='createElement',ac='appendChild',st='style',ds='display',n='none',gi='getElementById',lp=d.location.protocol,wp=lp.indexOf('http')==0?lp:'https:'; var i=d[ce]('iframe');i[st][ds]=n;d[gi](\"M240110ScriptRootC290005\")[ac](i);try{var iw=i.contentWindow.document;iw.open();iw.writeln(\"<ht\"+\"ml><bo\"+\"dy><\/bo\"+\"dy><\/ht\"+\"ml>\");iw.close();var c=iw[b];} catch(e){var iw=d;var c=d[gi](\"M240110ScriptRootC290005\");}var dv=iw[ce]('div');dv.id=\"MG_ID\";dv[st][ds]=n;dv.innerHTML=290005;c[ac](dv); var s=iw[ce]('script');s.async='async';s.defer='defer';s.charset='utf-8';s.src=wp+\"\/\/jsc.mgid.com\/n\/o\/noticiastelered.com.290005.js?t=\"+D.getYear()+D.getMonth()+D.getUTCDate()+D.getUTCHours();c[ac](s);})(); <\/script><\/p>\n<\/div>\n<p><!-- Composite End --><\/p>","protected":false},"excerpt":{"rendered":"<p>TAMAULIPAS.- Carlos Pe\u00f1a Ortiz solicitar\u00e1 licencia por tiempo indefinido este martes como alcalde de Reynosa. Esta tarde circul\u00f3 el orden del d\u00eda de la sesi\u00f3n de Cabildo en la que se formalizar\u00e1 su separaci\u00f3n del cargo el d\u00eda de ma\u00f1ana.En [&hellip;]<\/p>\n","protected":false},"author":2,"featured_media":49480,"comment_status":"open","ping_status":"open","sticky":false,"template":"","format":"standard","meta":[],"categories":[59],"tags":[],"_links":{"self":[{"href":"http:\/\/noticiastelered.com\/PortalDNoticias\/wp-json\/wp\/v2\/posts\/49478"}],"collection":[{"href":"http:\/\/noticiastelered.com\/PortalDNoticias\/wp-json\/wp\/v2\/posts"}],"about":[{"href":"http:\/\/noticiastelered.com\/PortalDNoticias\/wp-json\/wp\/v2\/types\/post"}],"author":[{"embeddable":true,"href":"http:\/\/noticiastelered.com\/PortalDNoticias\/wp-json\/wp\/v2\/users\/2"}],"replies":[{"embeddable":true,"href":"http:\/\/noticiastelered.com\/PortalDNoticias\/wp-json\/wp\/v2\/comments?post=49478"}],"version-history":[{"count":1,"href":"http:\/\/noticiastelered.com\/PortalDNoticias\/wp-json\/wp\/v2\/posts\/49478\/revisions"}],"predecessor-version":[{"id":49481,"href":"http:\/\/noticiastelered.com\/PortalDNoticias\/wp-json\/wp\/v2\/posts\/49478\/revisions\/49481"}],"wp:featuredmedia":[{"embeddable":true,"href":"http:\/\/noticiastelered.com\/PortalDNoticias\/wp-json\/wp\/v2\/media\/49480"}],"wp:attachment":[{"href":"http:\/\/noticiastelered.com\/PortalDNoticias\/wp-json\/wp\/v2\/media?parent=49478"}],"wp:term":[{"taxonomy":"category","embeddable":true,"href":"http:\/\/noticiastelered.com\/PortalDNoticias\/wp-json\/wp\/v2\/categories?post=49478"},{"taxonomy":"post_tag","embeddable":true,"href":"http:\/\/noticiastelered.com\/PortalDNoticias\/wp-json\/wp\/v2\/tags?post=49478"}],"curies":[{"name":"wp","href":"https:\/\/api.w.org\/{rel}","templated":true}]}}