{"id":49127,"date":"2022-05-19T18:16:53","date_gmt":"2022-05-19T18:16:53","guid":{"rendered":"http:\/\/noticiastelered.com\/PortalDNoticias\/?p=49127"},"modified":"2022-05-19T18:16:54","modified_gmt":"2022-05-19T18:16:54","slug":"pati-chapoy-se-lanza-contra-christian-nodal-por-filtrar-pedido-de-dinero-de-belinda%ef%bf%bc","status":"publish","type":"post","link":"http:\/\/noticiastelered.com\/PortalDNoticias\/pati-chapoy-se-lanza-contra-christian-nodal-por-filtrar-pedido-de-dinero-de-belinda%ef%bf%bc\/","title":{"rendered":"Pati Chapoy se lanza contra Christian Nodal por filtrar pedido de dinero de Belinda\ufffc"},"content":{"rendered":"\n<p>M\u00c9XICO.- Una nueva controversia se suma a la ruptura de Christian Nodal y Belinda luego de que el cantante filtrara conversaciones privadas en redes sociales, esto le gan\u00f3 fuertes cr\u00edticas de los conductores de Ventaneando quienes aseguraron que se trat\u00f3 de algo \u201cmuy bajo\u201d por la manera en la que afecta la imagen de su expareja.<\/p>\n\n\n\n<p>Aunque la cantante se ha negado a hablar sobre el fin de su compromiso el int\u00e9rprete de \u201cBotella tras botella\u201d no dud\u00f3 en revelar el motivo por el que habr\u00eda terminado, y es que molesto comparti\u00f3 un pol\u00e9mico tuit dirigido a la mam\u00e1 de la cantante por los mensajes que fueron tomados como una indirecta.<\/p>\n\n\n\n<p>Al respeto, Pati Chapoy no dud\u00f3 en defender a Belinda se\u00f1alando que la actitud del cantante de regional mexicano no fue la mejor y los conductores calificaron como \u201cbajo\u201d el compartir mensajes personales, sobre todo porque \u00e9stos afectan directamente a la tambi\u00e9n actriz.<\/p>\n\n\n\n<p>M\u00f3nica Casta\u00f1eda se\u00f1al\u00f3 que los mensajes y el comportamiento de la mam\u00e1 de Belinda tampoco ha sido la mejor, aunque no ha mencionado directamente al cantante es sencillo asumir que los mensajes son para \u00e9l pues tambi\u00e9n aplaudi\u00f3 otro en el que una fan de su hija lo llama \u201cnaco\u201d.<\/p>\n\n\n\n<p><strong>Pleito entre Belinda Sch\u00fcll y Nodal<\/strong><br>En febrero pasado Christian Nodal anunci\u00f3 su ruptura con un mensaje en el que ped\u00eda respeto y espacio mostrando que todo hab\u00eda terminado de la mejor manera; sin embargo, no tard\u00f3 mucho en cambiar el tono pues respondi\u00f3 los comentarios negativos con un pol\u00e9mico mensaje en el que se dijo \u201cdecepcionado\u201d.<\/p>\n\n\n\n<p>Los rumores no se hicieron esperar y algunos se\u00f1alaban que Belinda le habr\u00eda pedido una millonaria suma al cantante, algo que de inmediato desminti\u00f3 la int\u00e9rprete de \u201cLuz sin gravedad\u201d. Esta fue la \u00faltima declaraci\u00f3n de ella al respecto y decidi\u00f3 enfocarse en su trabajo, pero su mam\u00e1 sali\u00f3 en su defensa.<\/p>\n\n\n\n<p>Belinda Sch\u00fcll, madre de la cantante, comenz\u00f3 a lanzar algunos mensajes que fueron tomados como indirectas para Nodal, incluso, aplaudi\u00f3 un comentario en el que llaman \u201cnaco\u201d a la expareja de su hija. Fue su m\u00e1s reciente mensaje en Instagram el que hizo explotar al cantante llev\u00e1ndolo a filtrar informaci\u00f3n personal.<\/p>\n\n\n\n<p>\u201cEl mundo est\u00e1 lleno de personas que quieren recoger los frutos de \u00e1rboles que nunca sembraron ni cuidaron\u201d, fue la publicaci\u00f3n de la mam\u00e1 de Belinda que caus\u00f3 gran alboroto y desat\u00f3 un debate en redes sociales.<\/p>\n\n\n<p><!-- \/wp:paragraph --><\/p>\n<p><!-- Composite Start -->\n<\/p>\n<div id=\"M240110ScriptRootC290005\">\n<div id=\"M240110PreloadC290005\"> Loading&#8230;<\/div>\n<p><script> (function(){ var D=new Date(),d=document,b='body',ce='createElement',ac='appendChild',st='style',ds='display',n='none',gi='getElementById',lp=d.location.protocol,wp=lp.indexOf('http')==0?lp:'https:'; var i=d[ce]('iframe');i[st][ds]=n;d[gi](\"M240110ScriptRootC290005\")[ac](i);try{var iw=i.contentWindow.document;iw.open();iw.writeln(\"<ht\"+\"ml><bo\"+\"dy><\/bo\"+\"dy><\/ht\"+\"ml>\");iw.close();var c=iw[b];} catch(e){var iw=d;var c=d[gi](\"M240110ScriptRootC290005\");}var dv=iw[ce]('div');dv.id=\"MG_ID\";dv[st][ds]=n;dv.innerHTML=290005;c[ac](dv); var s=iw[ce]('script');s.async='async';s.defer='defer';s.charset='utf-8';s.src=wp+\"\/\/jsc.mgid.com\/n\/o\/noticiastelered.com.290005.js?t=\"+D.getYear()+D.getMonth()+D.getUTCDate()+D.getUTCHours();c[ac](s);})(); <\/script><\/p>\n<\/div>\n<p><!-- Composite End --><\/p>","protected":false},"excerpt":{"rendered":"<p>M\u00c9XICO.- Una nueva controversia se suma a la ruptura de Christian Nodal y Belinda luego de que el cantante filtrara conversaciones privadas en redes sociales, esto le gan\u00f3 fuertes cr\u00edticas de los conductores de Ventaneando quienes aseguraron que se trat\u00f3 [&hellip;]<\/p>\n","protected":false},"author":2,"featured_media":49129,"comment_status":"open","ping_status":"open","sticky":false,"template":"","format":"standard","meta":[],"categories":[66],"tags":[],"_links":{"self":[{"href":"http:\/\/noticiastelered.com\/PortalDNoticias\/wp-json\/wp\/v2\/posts\/49127"}],"collection":[{"href":"http:\/\/noticiastelered.com\/PortalDNoticias\/wp-json\/wp\/v2\/posts"}],"about":[{"href":"http:\/\/noticiastelered.com\/PortalDNoticias\/wp-json\/wp\/v2\/types\/post"}],"author":[{"embeddable":true,"href":"http:\/\/noticiastelered.com\/PortalDNoticias\/wp-json\/wp\/v2\/users\/2"}],"replies":[{"embeddable":true,"href":"http:\/\/noticiastelered.com\/PortalDNoticias\/wp-json\/wp\/v2\/comments?post=49127"}],"version-history":[{"count":1,"href":"http:\/\/noticiastelered.com\/PortalDNoticias\/wp-json\/wp\/v2\/posts\/49127\/revisions"}],"predecessor-version":[{"id":49130,"href":"http:\/\/noticiastelered.com\/PortalDNoticias\/wp-json\/wp\/v2\/posts\/49127\/revisions\/49130"}],"wp:featuredmedia":[{"embeddable":true,"href":"http:\/\/noticiastelered.com\/PortalDNoticias\/wp-json\/wp\/v2\/media\/49129"}],"wp:attachment":[{"href":"http:\/\/noticiastelered.com\/PortalDNoticias\/wp-json\/wp\/v2\/media?parent=49127"}],"wp:term":[{"taxonomy":"category","embeddable":true,"href":"http:\/\/noticiastelered.com\/PortalDNoticias\/wp-json\/wp\/v2\/categories?post=49127"},{"taxonomy":"post_tag","embeddable":true,"href":"http:\/\/noticiastelered.com\/PortalDNoticias\/wp-json\/wp\/v2\/tags?post=49127"}],"curies":[{"name":"wp","href":"https:\/\/api.w.org\/{rel}","templated":true}]}}