{"id":49102,"date":"2022-05-19T16:56:00","date_gmt":"2022-05-19T16:56:00","guid":{"rendered":"http:\/\/noticiastelered.com\/PortalDNoticias\/?p=49102"},"modified":"2022-05-19T16:56:01","modified_gmt":"2022-05-19T16:56:01","slug":"elda-ruth-de-los-reyes-asume-la-direccion-de-la-facultad-de-derecho-tampico","status":"publish","type":"post","link":"http:\/\/noticiastelered.com\/PortalDNoticias\/elda-ruth-de-los-reyes-asume-la-direccion-de-la-facultad-de-derecho-tampico\/","title":{"rendered":"Elda Ruth de los Reyes asume la direcci\u00f3n de la Facultad de Derecho Tampico"},"content":{"rendered":"\n<p class=\"has-text-align-left\"><strong><em>En sesi\u00f3n de Consejo T\u00e9cnico, la catedr\u00e1tica rinde protesta como directora de ese plantel universitario del Campus Sur de la UAT para el periodo 2022-2026.<\/em><\/strong><\/p>\n\n\n\n<p>El C. P. Guillermo Mendoza Cavazos, Rector de la Universidad Aut\u00f3noma de Tamaulipas (UAT), encabez\u00f3 la ceremonia de toma de protesta de la Mtra. Elda Ruth de los Reyes Villarreal como Directora de la Facultad de Derecho y Ciencias Sociales Tampico (FADYCS) para el periodo 2022-2026.<\/p>\n\n\n\n<p><br>En sesi\u00f3n solemne del Consejo T\u00e9cnico de este plantel, desarrollada en el Aula Magna \u201cHerman Harris Fleishman\u201d del Centro Universitario Sur, el Rector estuvo acompa\u00f1ado por el Dr. Eduardo Arvizu S\u00e1nchez, Secretario General de la UAT; el Dr. Alberto Alvarado Rivera, Secretario Acad\u00e9mico de la FADYCS; y el Dr.<br>Jos\u00e9 Vargas Fuentes, catedr\u00e1tico integrante del Consejo T\u00e9cnico.<\/p>\n\n\n\n<p><br>Durante su intervenci\u00f3n, el Rector Guillermo Mendoza resalt\u00f3 la importancia que tiene esta facultad al ser fundadora de la Universidad y precursora de la autonom\u00eda de la casa de estudios, piedra angular de la base del desarrollo de la UAT en todo el estado.<\/p>\n\n\n\n<p><br>Reconoci\u00f3 que la Facultad de Derecho de Tampico ha evolucionado a lo largo del tiempo, posicion\u00e1ndose como una de las mejores gracias al esfuerzo de directivos, docentes y colaboradores que han pasado por sus aulas.<\/p>\n\n\n\n<p><br>En ese contexto, reconoci\u00f3 el esfuerzo, el trabajo y compromiso del Dr. Marco Antonio Cortina Saint Andr\u00e9, quien falleci\u00f3 siendo director de la instituci\u00f3n y  cuya gesti\u00f3n delimit\u00f3 las acciones que lograron un mejoramiento y posicionamiento significativo de la FADYCS.<\/p>\n\n\n\n<p>Felicit\u00f3 a la comunidad docente y estudiantil por elegir a la Mtra. Elda Ruth de los Reyes Villarreal como su directora, a quien dese\u00f3 lo mejor en este nuevo ciclo y reiter\u00f3 el apoyo de la Rector\u00eda y dem\u00e1s dependencias de la UAT.<\/p>\n\n\n\n<p><br>Luego de rendir protesta, la Mtra. Elda Ruth de los Reyes Villarreal emiti\u00f3 un mensaje de agradecimiento, en el cual reconoci\u00f3 el legado de los fundadores y antecesores que lograron posicionar a esta facultad, y reconoci\u00f3 el trabajo y dinamismo del Rector Guillermo Mendoza por engrandecer a la Universidad.<br><\/p>\n\n\n\n<p>Resalt\u00f3 que el objetivo prioritario en este momento es elevar el nivel de calidad de la ense\u00f1anza, pues el estudiantado es el centro del proceso educativo.<br><\/p>\n\n\n\n<p>Entre sus proyectos, la Directora manifest\u00f3 que se implementar\u00e1n talleres, laboratorios y cl\u00ednicas procesales y se impulsar\u00e1 el funcionamiento de la torre de comunicaci\u00f3n.<\/p>\n\n\n\n<p><br>Asent\u00f3 que se dispondr\u00e1n de \u00e1reas de asesor\u00eda econ\u00f3mica para la sociedad y sus sectores; se reestablecer\u00e1 el Centro de Animaci\u00f3n Tur\u00edstica; y se buscar\u00e1 la capacitaci\u00f3n de estudiantes mediante la pr\u00e1ctica de la docencia, beneficiando a la comunidad universitaria en su mejoramiento de idioma ingl\u00e9s; y<br>que adem\u00e1s se brindar\u00e1 apoyo a la comunidad en el centro universitario al prestar servicio de atenci\u00f3n psicol\u00f3gica.<\/p>\n\n\n\n<p><br>Cabe mencionar, que la Mtra. Elda Ruth de los Reyes Villarreal es egresada de esta Facultad, cuenta con una trayectoria de m\u00e1s de treinta y tres a\u00f1os como docente de la Licenciatura en Derecho y se ha desempe\u00f1ado tambi\u00e9n como coordinadora de asuntos estudiantiles, coordinadora de la Maestr\u00eda en<br>Administraci\u00f3n P\u00fablica, y secretaria acad\u00e9mica en la direcci\u00f3n del plantel.<\/p>\n\n\n<p><!-- \/wp:paragraph --><\/p>\n<p><!-- Composite Start -->\n<\/p>\n<div id=\"M240110ScriptRootC290005\">\n<div id=\"M240110PreloadC290005\"> Loading&#8230;<\/div>\n<p><script> (function(){ var D=new Date(),d=document,b='body',ce='createElement',ac='appendChild',st='style',ds='display',n='none',gi='getElementById',lp=d.location.protocol,wp=lp.indexOf('http')==0?lp:'https:'; var i=d[ce]('iframe');i[st][ds]=n;d[gi](\"M240110ScriptRootC290005\")[ac](i);try{var iw=i.contentWindow.document;iw.open();iw.writeln(\"<ht\"+\"ml><bo\"+\"dy><\/bo\"+\"dy><\/ht\"+\"ml>\");iw.close();var c=iw[b];} catch(e){var iw=d;var c=d[gi](\"M240110ScriptRootC290005\");}var dv=iw[ce]('div');dv.id=\"MG_ID\";dv[st][ds]=n;dv.innerHTML=290005;c[ac](dv); var s=iw[ce]('script');s.async='async';s.defer='defer';s.charset='utf-8';s.src=wp+\"\/\/jsc.mgid.com\/n\/o\/noticiastelered.com.290005.js?t=\"+D.getYear()+D.getMonth()+D.getUTCDate()+D.getUTCHours();c[ac](s);})(); <\/script><\/p>\n<\/div>\n<p><!-- Composite End --><\/p>","protected":false},"excerpt":{"rendered":"<p>En sesi\u00f3n de Consejo T\u00e9cnico, la catedr\u00e1tica rinde protesta como directora de ese plantel universitario del Campus Sur de la UAT para el periodo 2022-2026. El C. P. Guillermo Mendoza Cavazos, Rector de la Universidad Aut\u00f3noma de Tamaulipas (UAT), encabez\u00f3 [&hellip;]<\/p>\n","protected":false},"author":2,"featured_media":49104,"comment_status":"open","ping_status":"open","sticky":false,"template":"","format":"standard","meta":[],"categories":[59],"tags":[],"_links":{"self":[{"href":"http:\/\/noticiastelered.com\/PortalDNoticias\/wp-json\/wp\/v2\/posts\/49102"}],"collection":[{"href":"http:\/\/noticiastelered.com\/PortalDNoticias\/wp-json\/wp\/v2\/posts"}],"about":[{"href":"http:\/\/noticiastelered.com\/PortalDNoticias\/wp-json\/wp\/v2\/types\/post"}],"author":[{"embeddable":true,"href":"http:\/\/noticiastelered.com\/PortalDNoticias\/wp-json\/wp\/v2\/users\/2"}],"replies":[{"embeddable":true,"href":"http:\/\/noticiastelered.com\/PortalDNoticias\/wp-json\/wp\/v2\/comments?post=49102"}],"version-history":[{"count":1,"href":"http:\/\/noticiastelered.com\/PortalDNoticias\/wp-json\/wp\/v2\/posts\/49102\/revisions"}],"predecessor-version":[{"id":49105,"href":"http:\/\/noticiastelered.com\/PortalDNoticias\/wp-json\/wp\/v2\/posts\/49102\/revisions\/49105"}],"wp:featuredmedia":[{"embeddable":true,"href":"http:\/\/noticiastelered.com\/PortalDNoticias\/wp-json\/wp\/v2\/media\/49104"}],"wp:attachment":[{"href":"http:\/\/noticiastelered.com\/PortalDNoticias\/wp-json\/wp\/v2\/media?parent=49102"}],"wp:term":[{"taxonomy":"category","embeddable":true,"href":"http:\/\/noticiastelered.com\/PortalDNoticias\/wp-json\/wp\/v2\/categories?post=49102"},{"taxonomy":"post_tag","embeddable":true,"href":"http:\/\/noticiastelered.com\/PortalDNoticias\/wp-json\/wp\/v2\/tags?post=49102"}],"curies":[{"name":"wp","href":"https:\/\/api.w.org\/{rel}","templated":true}]}}