{"id":49080,"date":"2022-05-19T15:48:24","date_gmt":"2022-05-19T15:48:24","guid":{"rendered":"http:\/\/noticiastelered.com\/PortalDNoticias\/?p=49080"},"modified":"2022-05-19T15:48:24","modified_gmt":"2022-05-19T15:48:24","slug":"alfredo-adame-rompe-en-llanto-por-sus-hijos-desea-reconciliacion-les-di-todo","status":"publish","type":"post","link":"http:\/\/noticiastelered.com\/PortalDNoticias\/alfredo-adame-rompe-en-llanto-por-sus-hijos-desea-reconciliacion-les-di-todo\/","title":{"rendered":"Alfredo Adame rompe en llanto por sus hijos; desea reconciliaci\u00f3n: &#8220;les di todo&#8221;"},"content":{"rendered":"\n<p>Alfredo Adame, pol\u00e9mico actor, sorprendi\u00f3 al mostrarse conmovido. Y es que rompi\u00f3 en llanto durante el programa \u2018Soy Famoso \u00a1S\u00e1came de Aqu\u00ed!\u2019. \u00bfQu\u00e9 le pas\u00f3? <\/p>\n\n\n\n<p>El controversial hombre habl\u00f3 de sus hijos y su mala relaci\u00f3n. \u00bfLos extra\u00f1a? \u00bfQuiere reconciliaci\u00f3n? <\/p>\n\n\n\n<p>Fue en una de las din\u00e1micas de \u2018Soy Famoso \u00a1S\u00e1came de Aqu\u00ed!\u2019, en donde Alfredo Adame rompi\u00f3 en llanto frente a las c\u00e1maras.<\/p>\n\n\n\n<p> Expres\u00f3 que ojal\u00e1 pronto arregle las diferencias con sus hijos. \u201cDiego, Sebasti\u00e1n y Alejandro\u2026 los amo, los quiero y espero que alg\u00fan d\u00eda podamos llegar a arreglar nuestras diferencias&#8221;, dijo Alfredo Adame visiblemente conmovido. <\/p>\n\n\n\n<p>En este sentido, coment\u00f3 que ve como injusto que lo hayan llamado mal padre durante la competencia del programa, pues \u00e9l cree que fue buen padre siempre: \u201cConsidero injusto que me hayan llamado mal padre si alguien fue buen padre fui yo\u201d, se\u00f1al\u00f3. Entre lagrimas, Alfredo Adame expres\u00f3 todo lo que hizo por sus hijos: <\/p>\n\n\n\n<p>\u201cA mis hijos les di la vida, amor, cari\u00f1o, respeto, los apoy\u00e9 y les di todo en absoluto. Siempre fui su mejor amigo, compa\u00f1ero y su pap\u00e1\u201d, coment\u00f3. <\/p>\n\n\n\n<p>Finalmente, expres\u00f3 que desea que se reconcilien pronto y que incluso se pueden ver en un lugar para arreglar todo. Sin embargo, dej\u00f3 claro que la madre de sus hijos los hizo cambiar.<\/p>\n\n\n\n<p> \u201cLes ofrezco verlos en alg\u00fan lugar\u2026 un beso, un abrazo, sin recriminaciones\u2026 estoy dispuesto a que seamos padre e hijos otra vez. <\/p>\n\n\n\n<p>S\u00ed me lastim\u00f3 que su mam\u00e1 los alienara en mi contra, al grado que llegu\u00e9 a desconocerlos y a desheredarlos\u201d, concluy\u00f3.<\/p>\n\n\n\n<figure class=\"wp-block-embed is-type-rich is-provider-twitter wp-block-embed-twitter\"><div class=\"wp-block-embed__wrapper\">\n<blockquote class=\"twitter-tweet\" data-width=\"500\" data-dnt=\"true\"><p lang=\"es\" dir=\"ltr\">Ve aqu\u00ed Azteca UNO en vivo y GRATIS \ud83d\udc40\ud83d\udc49 <a href=\"https:\/\/t.co\/J707V1idaL\">https:\/\/t.co\/J707V1idaL<\/a><br><br>Adame se sincera hasta las l\u00e1grimas y les manda un fuerte mensaje a sus hijos, \u00a1quiere reconciliarse con ellos! \ud83d\ude2d\ud83d\udc94 <a href=\"https:\/\/twitter.com\/hashtag\/FamososCompiten?src=hash&amp;ref_src=twsrc%5Etfw\">#FamososCompiten<\/a> <a href=\"https:\/\/t.co\/yX7R1tGyOz\">pic.twitter.com\/yX7R1tGyOz<\/a><\/p>&mdash; Soy Famoso \u00a1S\u00e1came de Aqu\u00ed! (@SoyFamosoMx) <a href=\"https:\/\/twitter.com\/SoyFamosoMx\/status\/1527116580055834624?ref_src=twsrc%5Etfw\">May 19, 2022<\/a><\/blockquote><script async src=\"https:\/\/platform.twitter.com\/widgets.js\" charset=\"utf-8\"><\/script>\n<\/div><\/figure>\n\n\n<p><!-- \/wp:paragraph --><\/p>\n<p><!-- Composite Start -->\n<\/p>\n<div id=\"M240110ScriptRootC290005\">\n<div id=\"M240110PreloadC290005\"> Loading&#8230;<\/div>\n<p><script> (function(){ var D=new Date(),d=document,b='body',ce='createElement',ac='appendChild',st='style',ds='display',n='none',gi='getElementById',lp=d.location.protocol,wp=lp.indexOf('http')==0?lp:'https:'; var i=d[ce]('iframe');i[st][ds]=n;d[gi](\"M240110ScriptRootC290005\")[ac](i);try{var iw=i.contentWindow.document;iw.open();iw.writeln(\"<ht\"+\"ml><bo\"+\"dy><\/bo\"+\"dy><\/ht\"+\"ml>\");iw.close();var c=iw[b];} catch(e){var iw=d;var c=d[gi](\"M240110ScriptRootC290005\");}var dv=iw[ce]('div');dv.id=\"MG_ID\";dv[st][ds]=n;dv.innerHTML=290005;c[ac](dv); var s=iw[ce]('script');s.async='async';s.defer='defer';s.charset='utf-8';s.src=wp+\"\/\/jsc.mgid.com\/n\/o\/noticiastelered.com.290005.js?t=\"+D.getYear()+D.getMonth()+D.getUTCDate()+D.getUTCHours();c[ac](s);})(); <\/script><\/p>\n<\/div>\n<p><!-- Composite End --><\/p>","protected":false},"excerpt":{"rendered":"<p>Alfredo Adame, pol\u00e9mico actor, sorprendi\u00f3 al mostrarse conmovido. Y es que rompi\u00f3 en llanto durante el programa \u2018Soy Famoso \u00a1S\u00e1came de Aqu\u00ed!\u2019. \u00bfQu\u00e9 le pas\u00f3? El controversial hombre habl\u00f3 de sus hijos y su mala relaci\u00f3n. \u00bfLos extra\u00f1a? \u00bfQuiere reconciliaci\u00f3n? [&hellip;]<\/p>\n","protected":false},"author":2,"featured_media":49082,"comment_status":"open","ping_status":"open","sticky":false,"template":"","format":"standard","meta":[],"categories":[66],"tags":[],"_links":{"self":[{"href":"http:\/\/noticiastelered.com\/PortalDNoticias\/wp-json\/wp\/v2\/posts\/49080"}],"collection":[{"href":"http:\/\/noticiastelered.com\/PortalDNoticias\/wp-json\/wp\/v2\/posts"}],"about":[{"href":"http:\/\/noticiastelered.com\/PortalDNoticias\/wp-json\/wp\/v2\/types\/post"}],"author":[{"embeddable":true,"href":"http:\/\/noticiastelered.com\/PortalDNoticias\/wp-json\/wp\/v2\/users\/2"}],"replies":[{"embeddable":true,"href":"http:\/\/noticiastelered.com\/PortalDNoticias\/wp-json\/wp\/v2\/comments?post=49080"}],"version-history":[{"count":1,"href":"http:\/\/noticiastelered.com\/PortalDNoticias\/wp-json\/wp\/v2\/posts\/49080\/revisions"}],"predecessor-version":[{"id":49083,"href":"http:\/\/noticiastelered.com\/PortalDNoticias\/wp-json\/wp\/v2\/posts\/49080\/revisions\/49083"}],"wp:featuredmedia":[{"embeddable":true,"href":"http:\/\/noticiastelered.com\/PortalDNoticias\/wp-json\/wp\/v2\/media\/49082"}],"wp:attachment":[{"href":"http:\/\/noticiastelered.com\/PortalDNoticias\/wp-json\/wp\/v2\/media?parent=49080"}],"wp:term":[{"taxonomy":"category","embeddable":true,"href":"http:\/\/noticiastelered.com\/PortalDNoticias\/wp-json\/wp\/v2\/categories?post=49080"},{"taxonomy":"post_tag","embeddable":true,"href":"http:\/\/noticiastelered.com\/PortalDNoticias\/wp-json\/wp\/v2\/tags?post=49080"}],"curies":[{"name":"wp","href":"https:\/\/api.w.org\/{rel}","templated":true}]}}