{"id":48869,"date":"2022-05-16T19:43:18","date_gmt":"2022-05-16T19:43:18","guid":{"rendered":"http:\/\/noticiastelered.com\/PortalDNoticias\/?p=48869"},"modified":"2022-05-16T19:43:18","modified_gmt":"2022-05-16T19:43:18","slug":"il-divo-regresa-a-mexico-con-homenaje-a-carlos-marin-a-5-meses-de-su-muerte-por-covid","status":"publish","type":"post","link":"http:\/\/noticiastelered.com\/PortalDNoticias\/il-divo-regresa-a-mexico-con-homenaje-a-carlos-marin-a-5-meses-de-su-muerte-por-covid\/","title":{"rendered":"Il Divo regresa a M\u00e9xico con homenaje a Carlos Mar\u00edn a 5 meses de su muerte por covid"},"content":{"rendered":"\n<p>El grupo de \u00f3pera masculino, Il Divo, regres\u00f3 a M\u00e9xico como parte de un tour Grandes \u00c9xitos, tras cinco meses de ausencia por el fallecimiento de uno de sus integrantes, Carlos Mar\u00edn.<\/p>\n\n\n\n<p>En entrevista con Sale el Sol, Il Divo declar\u00f3 que, el grupo, los familiares y admiradores quedaron devastados tras la p\u00e9rdida de Carlos Mar\u00edn, quien muri\u00f3 por causa del covid-19.<\/p>\n\n\n\n<p>Tour para Carlos Mar\u00edn<\/p>\n\n\n\n<p>Urs B\u00fchle inform\u00f3 que Carlos Mar\u00edn era una pieza clave en la trayectoria de Il Divo y que el cari\u00f1o del p\u00fablico latino hacia el cantante era tal que dudaban de la aceptaci\u00f3n de los fan\u00e1ticos tras su ausencia.<\/p>\n\n\n\n<p>\u201cDe ver c\u00f3mo el p\u00fablico nos iba a aceptar a los tres, sin \u00e9l, no sab\u00edamos [\u2026] pero mira, hasta ahora, los conciertos han sido fant\u00e1sticos. Las reacciones del p\u00fablico en los diferentes pa\u00edses han sido incre\u00edbles\u201d, declar\u00f3 el vocalista de \u00f3pera.<\/p>\n\n\n\n<p>El suizo, Urs B\u00fchler, detall\u00f3 que, en un principio, la gira ten\u00eda la finalidad de promocionar el disco \u2018For once in my life: A celebration of Motown\u2019. Sin embargo, tras la p\u00e9rdida de Carlos Mar\u00edn, decidieron hacer un tour en su honor.<\/p>\n\n\n\n<p>\u201cCuando Carlos falleci\u00f3, claro, hemos cambiado a un show que es un homenaje a \u00e9l y a su m\u00fasica de Il Divo con Carlos Mar\u00edn, de los \u00faltimos 17 o 18 a\u00f1os [\u2026] Hablo por m\u00ed, me siento muy conectado con el p\u00fablico, porque de verdad, todos hemos perdido a Carlos\u201d, mencion\u00f3.<\/p>\n\n\n\n<p>En el Auditorio Nacional, Urs B\u00fchler, David Miller y S\u00e9bastien Izambard cantaron los temas de &#8216;I\u2019ll be there\u2019, &#8216;My heart will go on\u2019, \u2018Time to say goodbye\u2019, entre otros para recordar a una de los cantantes m\u00e1s talentosos de \u00f3pera.<\/p>\n","protected":false},"excerpt":{"rendered":"<p>El grupo de \u00f3pera masculino, Il Divo, regres\u00f3 a M\u00e9xico como parte de un tour Grandes \u00c9xitos, tras cinco meses de ausencia por el fallecimiento de uno de sus integrantes, Carlos Mar\u00edn. En entrevista con Sale el Sol, Il Divo [&hellip;]<\/p>\n","protected":false},"author":2,"featured_media":48871,"comment_status":"open","ping_status":"open","sticky":false,"template":"","format":"standard","meta":[],"categories":[66],"tags":[],"_links":{"self":[{"href":"http:\/\/noticiastelered.com\/PortalDNoticias\/wp-json\/wp\/v2\/posts\/48869"}],"collection":[{"href":"http:\/\/noticiastelered.com\/PortalDNoticias\/wp-json\/wp\/v2\/posts"}],"about":[{"href":"http:\/\/noticiastelered.com\/PortalDNoticias\/wp-json\/wp\/v2\/types\/post"}],"author":[{"embeddable":true,"href":"http:\/\/noticiastelered.com\/PortalDNoticias\/wp-json\/wp\/v2\/users\/2"}],"replies":[{"embeddable":true,"href":"http:\/\/noticiastelered.com\/PortalDNoticias\/wp-json\/wp\/v2\/comments?post=48869"}],"version-history":[{"count":1,"href":"http:\/\/noticiastelered.com\/PortalDNoticias\/wp-json\/wp\/v2\/posts\/48869\/revisions"}],"predecessor-version":[{"id":48872,"href":"http:\/\/noticiastelered.com\/PortalDNoticias\/wp-json\/wp\/v2\/posts\/48869\/revisions\/48872"}],"wp:featuredmedia":[{"embeddable":true,"href":"http:\/\/noticiastelered.com\/PortalDNoticias\/wp-json\/wp\/v2\/media\/48871"}],"wp:attachment":[{"href":"http:\/\/noticiastelered.com\/PortalDNoticias\/wp-json\/wp\/v2\/media?parent=48869"}],"wp:term":[{"taxonomy":"category","embeddable":true,"href":"http:\/\/noticiastelered.com\/PortalDNoticias\/wp-json\/wp\/v2\/categories?post=48869"},{"taxonomy":"post_tag","embeddable":true,"href":"http:\/\/noticiastelered.com\/PortalDNoticias\/wp-json\/wp\/v2\/tags?post=48869"}],"curies":[{"name":"wp","href":"https:\/\/api.w.org\/{rel}","templated":true}]}}