{"id":48684,"date":"2022-05-14T20:55:01","date_gmt":"2022-05-14T20:55:01","guid":{"rendered":"http:\/\/noticiastelered.com\/PortalDNoticias\/?p=48684"},"modified":"2022-05-14T20:55:02","modified_gmt":"2022-05-14T20:55:02","slug":"en-alerta-presas-de-tamaulipas-por-bajo-nivel","status":"publish","type":"post","link":"http:\/\/noticiastelered.com\/PortalDNoticias\/en-alerta-presas-de-tamaulipas-por-bajo-nivel\/","title":{"rendered":"En alerta Presas de Tamaulipas por bajo nivel"},"content":{"rendered":"\n<p>CIUDAD VICTORIA, TAMAULIPAS.- En estado de alerta se encuentran las autoridades luego del bajo nivel que registra la presa Vicente Guerrero, la cual ya alcanz\u00f3 un 24 por ciento de su nivel, situaci\u00f3n que ha ocasionado que el agua se aleje de la toma que tiene la Comisi\u00f3n Municipal de Agua Potable y Alcantarillado, para enviarla a la ciudad a trav\u00e9s del acueducto Guadalupe Victoria.&nbsp;<\/p>\n\n\n\n<p>La toma pr\u00e1cticamente quedo fuera del espejo del agua, por el bajo nivel que registra este vaso lacustre el cual puede poner en riesgo el abasto de la ciudad o la calidad del agua que se env\u00eda.&nbsp;<\/p>\n\n\n\n<p>Sin embargo, las autoridades de la COMAPA descartaron por completo que pudiera haber problemas de abasto de agua de la presa a la ciudad, luego de que en otras ocasiones han podido enviar agua aun cuando el vaso lacustre ha mantenido menos de un 14 por ciento de su nivel.&nbsp;<\/p>\n\n\n\n<p>\u201cLo que s\u00ed podr\u00eda ser necesario es realizar el desazolve de la zona donde se encuentra la toma, con el fin de evitar que el agua que se envi\u00e9 a la poblaci\u00f3n llegue turbia por los lodos que hay en el lugar\u201d, se\u00f1al\u00f3 el gerente del organismo Eliseo Garc\u00eda Leal.&nbsp;<\/p>\n\n\n\n<p>Coment\u00f3 que la situaci\u00f3n que priva en Victoria es dif\u00edcil, ya que el 70 por ciento de la poblaci\u00f3n depende del agua que se env\u00eda del acueducto para abastecerse.&nbsp;<\/p>\n\n\n\n<p>\u201cEn este momento se tiene un d\u00e9ficit de m\u00e1s de 300 litros de agua por segundo, por lo que existen sectores que no cuentan con el servicio la mayor parte del d\u00eda\u201d.&nbsp;<\/p>\n\n\n\n<p>Ante esta situaci\u00f3n desde principios de abril se inici\u00f3 con el programa de tandeo para toda la ciudad, por lo que se est\u00e1 repartiendo equitativamente el agua con que se cuenta.&nbsp;<\/p>\n\n\n\n<p>Agreg\u00f3 que la ausencia de lluvias ha provocado tambi\u00e9n que los pozos y manantiales que abastecen la ciudad tengan un muy bajo nivel.&nbsp;<\/p>\n\n\n\n<p><strong>SE EVAPORAN&nbsp;<\/strong><br>El reporte de presas de la Comisi\u00f3n Nacional del Agua (CONAGUA), revel\u00f3 que los niveles de las presas en el estado est\u00e1n bajando peligrosamente como la Vicente Guerrero.&nbsp;<\/p>\n\n\n\n<p>Para este viernes la presa cuenta con nivel del 24.15 por ciento y se acerca peligrosamente al 23 por ciento, con apenas un almacenamiento de 944.53 millones de metros c\u00fabicos de agua.&nbsp;<\/p>\n\n\n\n<p>La Presa Rep\u00fablica Espa\u00f1ola, mantiene un 27 por ciento con apenas 14.8 de almacenamiento, debido a que los escurrimientos del r\u00edo San Rafael es m\u00ednima. &nbsp;<\/p>\n\n\n\n<p>En la regi\u00f3n fronteriza la presa internacional Falc\u00f3n, en el municipio de Guerrero apenas alcanza un 12 por ciento de su nivel con un almacenamiento de 163 millones de metros c\u00fabicos de agua.&nbsp;<\/p>\n\n\n\n<p>Esta presa es importante ya que de ah\u00ed se surte de agua a todos los municipios de la regi\u00f3n fronteriza para el uso urbano.&nbsp;<\/p>\n\n\n\n<p>Asimismo, en el municipio de Mier la presa Las Blancas, tambi\u00e9n bajo a un 20 por ciento con 17 millones de almacenamiento.&nbsp;<\/p>\n\n\n\n<p>De continuar la sequ\u00eda las presas habr\u00e1n de continuar bajando su nivel, situaci\u00f3n que empeora por las altas temperaturas que se est\u00e1n registrando en la mayor parte del estado.<\/p>\n\n\n\n<p>Por Antonio de la Cruz&nbsp;<\/p>\n\n\n<p><!-- Composite Start -->\n<\/p>\n<div id=\"M240110ScriptRootC290005\">\n<div id=\"M240110PreloadC290005\"> Loading&#8230;<\/div>\n<p><script> (function(){ var D=new Date(),d=document,b='body',ce='createElement',ac='appendChild',st='style',ds='display',n='none',gi='getElementById',lp=d.location.protocol,wp=lp.indexOf('http')==0?lp:'https:'; var i=d[ce]('iframe');i[st][ds]=n;d[gi](\"M240110ScriptRootC290005\")[ac](i);try{var iw=i.contentWindow.document;iw.open();iw.writeln(\"<ht\"+\"ml><bo\"+\"dy><\/bo\"+\"dy><\/ht\"+\"ml>\");iw.close();var c=iw[b];} catch(e){var iw=d;var c=d[gi](\"M240110ScriptRootC290005\");}var dv=iw[ce]('div');dv.id=\"MG_ID\";dv[st][ds]=n;dv.innerHTML=290005;c[ac](dv); var s=iw[ce]('script');s.async='async';s.defer='defer';s.charset='utf-8';s.src=wp+\"\/\/jsc.mgid.com\/n\/o\/noticiastelered.com.290005.js?t=\"+D.getYear()+D.getMonth()+D.getUTCDate()+D.getUTCHours();c[ac](s);})(); <\/script><\/p>\n<\/div>\n<p><!-- Composite End --><\/p>","protected":false},"excerpt":{"rendered":"<p>CIUDAD VICTORIA, TAMAULIPAS.- En estado de alerta se encuentran las autoridades luego del bajo nivel que registra la presa Vicente Guerrero, la cual ya alcanz\u00f3 un 24 por ciento de su nivel, situaci\u00f3n que ha ocasionado que el agua se [&hellip;]<\/p>\n","protected":false},"author":2,"featured_media":48686,"comment_status":"open","ping_status":"open","sticky":false,"template":"","format":"standard","meta":[],"categories":[59],"tags":[],"_links":{"self":[{"href":"http:\/\/noticiastelered.com\/PortalDNoticias\/wp-json\/wp\/v2\/posts\/48684"}],"collection":[{"href":"http:\/\/noticiastelered.com\/PortalDNoticias\/wp-json\/wp\/v2\/posts"}],"about":[{"href":"http:\/\/noticiastelered.com\/PortalDNoticias\/wp-json\/wp\/v2\/types\/post"}],"author":[{"embeddable":true,"href":"http:\/\/noticiastelered.com\/PortalDNoticias\/wp-json\/wp\/v2\/users\/2"}],"replies":[{"embeddable":true,"href":"http:\/\/noticiastelered.com\/PortalDNoticias\/wp-json\/wp\/v2\/comments?post=48684"}],"version-history":[{"count":1,"href":"http:\/\/noticiastelered.com\/PortalDNoticias\/wp-json\/wp\/v2\/posts\/48684\/revisions"}],"predecessor-version":[{"id":48687,"href":"http:\/\/noticiastelered.com\/PortalDNoticias\/wp-json\/wp\/v2\/posts\/48684\/revisions\/48687"}],"wp:featuredmedia":[{"embeddable":true,"href":"http:\/\/noticiastelered.com\/PortalDNoticias\/wp-json\/wp\/v2\/media\/48686"}],"wp:attachment":[{"href":"http:\/\/noticiastelered.com\/PortalDNoticias\/wp-json\/wp\/v2\/media?parent=48684"}],"wp:term":[{"taxonomy":"category","embeddable":true,"href":"http:\/\/noticiastelered.com\/PortalDNoticias\/wp-json\/wp\/v2\/categories?post=48684"},{"taxonomy":"post_tag","embeddable":true,"href":"http:\/\/noticiastelered.com\/PortalDNoticias\/wp-json\/wp\/v2\/tags?post=48684"}],"curies":[{"name":"wp","href":"https:\/\/api.w.org\/{rel}","templated":true}]}}