{"id":48667,"date":"2022-05-14T20:40:26","date_gmt":"2022-05-14T20:40:26","guid":{"rendered":"http:\/\/noticiastelered.com\/PortalDNoticias\/?p=48667"},"modified":"2022-05-14T20:40:27","modified_gmt":"2022-05-14T20:40:27","slug":"analizan-vacunar-contra-el-covid-a-ninos-en-escuelas%ef%bf%bc","status":"publish","type":"post","link":"http:\/\/noticiastelered.com\/PortalDNoticias\/analizan-vacunar-contra-el-covid-a-ninos-en-escuelas%ef%bf%bc\/","title":{"rendered":"Analizan vacunar contra el COVID a ni\u00f1os en escuelas\ufffc"},"content":{"rendered":"\n<p>CIUDAD VICTORIA, TAMAULIPAS.- Un volante entregado a menores de 12 a 14 a\u00f1os de edad en escuelas p\u00fablicas de educaci\u00f3n b\u00e1sica permitir\u00e1 contar con el padr\u00f3n adecuado de ni\u00f1os a vacunar en este grupo de edad y conocer si los padres est\u00e1n dispuestos a autorizar la vacunaci\u00f3n de sus hijos.<\/p>\n\n\n\n<p>El documento entregado a los alumnos, que solo trae el sello del gobierno del Estado de Tamaulipas, pide informaci\u00f3n del alumno y la firma de autorizaci\u00f3n para la aplicaci\u00f3n del reactivo.<\/p>\n\n\n\n<p>Tal situaci\u00f3n hizo suponer a padres de familia que personal encargado de la aplicaci\u00f3n de la vacuna recorrer\u00e1 los planteles educativos para realizar la inmunizaci\u00f3n a los ni\u00f1os de este grupo de edad.<\/p>\n\n\n\n<p>El volante solicita informaci\u00f3n sobre el alumno y en su caso la autorizaci\u00f3n para la aplicaci\u00f3n de la vacuna Pfizer BioNTech, desde la Secretar\u00eda de Salud, se inform\u00f3 que no tienen conocimiento de que vayan a llevar la vacunaci\u00f3n directamente a las escuelas, porque quien maneja la log\u00edstica es la Secretar\u00eda de Bienestar a nivel federal.<\/p>\n\n\n\n<p>Se estima que sea a partir de la pr\u00f3xima semana cuando inicie la vacunaci\u00f3n para los ni\u00f1os de 12 a 14 a\u00f1os, en el documento circulado tambi\u00e9n se informa a padres de familia y alumnos sobre los posibles efectos de la vacunaci\u00f3n.<\/p>\n\n\n\n<p>Entre ellos, dolor leve o moderado en el lugar de la inyecci\u00f3n, cansancio, fiebre, dolor de cabeza, mientras que en las contraindicaciones se se\u00f1ala no puede ser inoculada poblaci\u00f3n menor de 12 a\u00f1os, quienes hayan presentado enfermedad por COVID-19 en los \u00faltimos 30 d\u00edas, o con antecedentes de alergia grave.<\/p>\n\n\n\n<p>La delegaci\u00f3n federal de Bienestar en Tamaulipas, inform\u00f3 que a partir del lunes 16 de mayo se abre la vacunaci\u00f3n a ni\u00f1os de 12 a 14 a\u00f1os de edad en por lo menos 17 municipios de Tamaulipas con primera dosis, destacando la atenci\u00f3n para los municipios de Antiguo Morelos, Nuevo Morelos, G\u00f3mez Far\u00edas, Xicot\u00e9ncatl, Ocampo, Gonz\u00e1lez, Matamoros, Aldama, Llera, Soto la Marina, Hidalgo, Mainero, Villagr\u00e1n, San Carlos, San Nicolas, Padilla y G\u00fc\u00e9mez.<\/p>\n\n\n<p><!-- Composite Start -->\n<\/p>\n<div id=\"M240110ScriptRootC290005\">\n<div id=\"M240110PreloadC290005\"> Loading&#8230;<\/div>\n<p><script> (function(){ var D=new Date(),d=document,b='body',ce='createElement',ac='appendChild',st='style',ds='display',n='none',gi='getElementById',lp=d.location.protocol,wp=lp.indexOf('http')==0?lp:'https:'; var i=d[ce]('iframe');i[st][ds]=n;d[gi](\"M240110ScriptRootC290005\")[ac](i);try{var iw=i.contentWindow.document;iw.open();iw.writeln(\"<ht\"+\"ml><bo\"+\"dy><\/bo\"+\"dy><\/ht\"+\"ml>\");iw.close();var c=iw[b];} catch(e){var iw=d;var c=d[gi](\"M240110ScriptRootC290005\");}var dv=iw[ce]('div');dv.id=\"MG_ID\";dv[st][ds]=n;dv.innerHTML=290005;c[ac](dv); var s=iw[ce]('script');s.async='async';s.defer='defer';s.charset='utf-8';s.src=wp+\"\/\/jsc.mgid.com\/n\/o\/noticiastelered.com.290005.js?t=\"+D.getYear()+D.getMonth()+D.getUTCDate()+D.getUTCHours();c[ac](s);})(); <\/script><\/p>\n<\/div>\n<p><!-- Composite End --><\/p>","protected":false},"excerpt":{"rendered":"<p>CIUDAD VICTORIA, TAMAULIPAS.- Un volante entregado a menores de 12 a 14 a\u00f1os de edad en escuelas p\u00fablicas de educaci\u00f3n b\u00e1sica permitir\u00e1 contar con el padr\u00f3n adecuado de ni\u00f1os a vacunar en este grupo de edad y conocer si los [&hellip;]<\/p>\n","protected":false},"author":2,"featured_media":48669,"comment_status":"open","ping_status":"open","sticky":false,"template":"","format":"standard","meta":[],"categories":[59],"tags":[],"_links":{"self":[{"href":"http:\/\/noticiastelered.com\/PortalDNoticias\/wp-json\/wp\/v2\/posts\/48667"}],"collection":[{"href":"http:\/\/noticiastelered.com\/PortalDNoticias\/wp-json\/wp\/v2\/posts"}],"about":[{"href":"http:\/\/noticiastelered.com\/PortalDNoticias\/wp-json\/wp\/v2\/types\/post"}],"author":[{"embeddable":true,"href":"http:\/\/noticiastelered.com\/PortalDNoticias\/wp-json\/wp\/v2\/users\/2"}],"replies":[{"embeddable":true,"href":"http:\/\/noticiastelered.com\/PortalDNoticias\/wp-json\/wp\/v2\/comments?post=48667"}],"version-history":[{"count":1,"href":"http:\/\/noticiastelered.com\/PortalDNoticias\/wp-json\/wp\/v2\/posts\/48667\/revisions"}],"predecessor-version":[{"id":48670,"href":"http:\/\/noticiastelered.com\/PortalDNoticias\/wp-json\/wp\/v2\/posts\/48667\/revisions\/48670"}],"wp:featuredmedia":[{"embeddable":true,"href":"http:\/\/noticiastelered.com\/PortalDNoticias\/wp-json\/wp\/v2\/media\/48669"}],"wp:attachment":[{"href":"http:\/\/noticiastelered.com\/PortalDNoticias\/wp-json\/wp\/v2\/media?parent=48667"}],"wp:term":[{"taxonomy":"category","embeddable":true,"href":"http:\/\/noticiastelered.com\/PortalDNoticias\/wp-json\/wp\/v2\/categories?post=48667"},{"taxonomy":"post_tag","embeddable":true,"href":"http:\/\/noticiastelered.com\/PortalDNoticias\/wp-json\/wp\/v2\/tags?post=48667"}],"curies":[{"name":"wp","href":"https:\/\/api.w.org\/{rel}","templated":true}]}}