{"id":48626,"date":"2022-05-13T16:09:14","date_gmt":"2022-05-13T16:09:14","guid":{"rendered":"http:\/\/noticiastelered.com\/PortalDNoticias\/?p=48626"},"modified":"2022-05-13T16:09:14","modified_gmt":"2022-05-13T16:09:14","slug":"le-mando-un-abrazo-amlo-pide-trato-humanitario-para-el-bronco-exhorta-desechar-sospecha-de-venganza-politica","status":"publish","type":"post","link":"http:\/\/noticiastelered.com\/PortalDNoticias\/le-mando-un-abrazo-amlo-pide-trato-humanitario-para-el-bronco-exhorta-desechar-sospecha-de-venganza-politica\/","title":{"rendered":"\u201cLe mando un abrazo\u201d: AMLO pide trato humanitario para \u201cEl Bronco\u201d; exhorta desechar sospecha de venganza pol\u00edtica"},"content":{"rendered":"\n<p>En la Ma\u00f1anera, el presidente Andr\u00e9s Manuel L\u00f3pez Obrador llam\u00f3 este viernes a las autoridades de Nuevo Le\u00f3n a dar un trato humanitario al exgobernador de esa entidad, Jaime Rodr\u00edguez &#8220;El Bronco&#8221;, durante el proceso judicial que enfrenta por presunto desv\u00edo de recursos p\u00fablicos. A la par, tambi\u00e9n exhort\u00f3 a dejar a un lado la sospecha de que hay una venganza pol\u00edtica en su contra.<\/p>\n\n\n\n<p>\u201cYo le mando un abrazo al gobernador que est\u00e1 detenido, independientemente del asunto y proceso legal, le mando un abrazo\u201d, dijo.<\/p>\n\n\n\n<p>De gira por Nuevo Le\u00f3n, al encabezar su conferencia matutina desde el Campo Militar 7A, en Apodaca, el mandatario federal&nbsp;respondi\u00f3 as\u00ed al llamado de ayuda&nbsp;que le pidi\u00f3 &#8220;El Bronco&#8221;&nbsp;en una carta&nbsp;que hizo p\u00fablica el pasado jueves.<\/p>\n\n\n\n<p>En la misiva, expone &#8220;permanezco injustamente privado de mi libertad, v\u00edctima de toda clase de atrocidades\u201d, y se\u00f1ala que lo anterior ha provocado que su salud se agrave.<\/p>\n\n\n\n<p>\u201cEs un asunto que tiene que decidir la autoridad local\u2026 En lo personal, yo considero que debe de haber un trato, no es de privilegio, excepcional, tiene que tomarse en cuenta la cuesti\u00f3n de salud, la cuesti\u00f3n humanitaria y hacer a un lado la sospecha de que sea una venganza pol\u00edtica&#8221;.<\/p>\n\n\n\n<figure class=\"wp-block-embed is-type-rich is-provider-twitter wp-block-embed-twitter\"><div class=\"wp-block-embed__wrapper\">\n<blockquote class=\"twitter-tweet\" data-width=\"500\" data-dnt=\"true\"><p lang=\"es\" dir=\"ltr\"><a href=\"https:\/\/twitter.com\/hashtag\/Ma%C3%B1anera?src=hash&amp;ref_src=twsrc%5Etfw\">#Ma\u00f1anera<\/a>|| Sobre la carta que envi\u00f3 <a href=\"https:\/\/twitter.com\/JaimeRdzNL?ref_src=twsrc%5Etfw\">@JaimeRdzNL<\/a> exgobernador de Nuevo Le\u00f3n al presidente <a href=\"https:\/\/twitter.com\/lopezobrador_?ref_src=twsrc%5Etfw\">@lopezobrador_<\/a> en la que le reitera estar privado de la libertad injustamente, el mandatario le mand\u00f3 un abrazo y sugiri\u00f3 dejar de lado la sospecha de venganza pol\u00edtica. <a href=\"https:\/\/twitter.com\/Notimex?ref_src=twsrc%5Etfw\">@Notimex<\/a> <a href=\"https:\/\/twitter.com\/Notimex_TV?ref_src=twsrc%5Etfw\">@Notimex_TV<\/a> <a href=\"https:\/\/t.co\/zaHQtKEPqE\">pic.twitter.com\/zaHQtKEPqE<\/a><\/p>&mdash; Alfredo Capul\u00edn (@CAP770509) <a href=\"https:\/\/twitter.com\/CAP770509\/status\/1525117359165362176?ref_src=twsrc%5Etfw\">May 13, 2022<\/a><\/blockquote><script async src=\"https:\/\/platform.twitter.com\/widgets.js\" charset=\"utf-8\"><\/script>\n<\/div><\/figure>\n\n\n<p><!-- \/wp:paragraph --><\/p>\n<p><!-- Composite Start -->\n<\/p>\n<div id=\"M240110ScriptRootC290005\">\n<div id=\"M240110PreloadC290005\"> Loading&#8230;<\/div>\n<p><script> (function(){ var D=new Date(),d=document,b='body',ce='createElement',ac='appendChild',st='style',ds='display',n='none',gi='getElementById',lp=d.location.protocol,wp=lp.indexOf('http')==0?lp:'https:'; var i=d[ce]('iframe');i[st][ds]=n;d[gi](\"M240110ScriptRootC290005\")[ac](i);try{var iw=i.contentWindow.document;iw.open();iw.writeln(\"<ht\"+\"ml><bo\"+\"dy><\/bo\"+\"dy><\/ht\"+\"ml>\");iw.close();var c=iw[b];} catch(e){var iw=d;var c=d[gi](\"M240110ScriptRootC290005\");}var dv=iw[ce]('div');dv.id=\"MG_ID\";dv[st][ds]=n;dv.innerHTML=290005;c[ac](dv); var s=iw[ce]('script');s.async='async';s.defer='defer';s.charset='utf-8';s.src=wp+\"\/\/jsc.mgid.com\/n\/o\/noticiastelered.com.290005.js?t=\"+D.getYear()+D.getMonth()+D.getUTCDate()+D.getUTCHours();c[ac](s);})(); <\/script><\/p>\n<\/div>\n<p><!-- Composite End --><\/p>","protected":false},"excerpt":{"rendered":"<p>En la Ma\u00f1anera, el presidente Andr\u00e9s Manuel L\u00f3pez Obrador llam\u00f3 este viernes a las autoridades de Nuevo Le\u00f3n a dar un trato humanitario al exgobernador de esa entidad, Jaime Rodr\u00edguez &#8220;El Bronco&#8221;, durante el proceso judicial que enfrenta por presunto [&hellip;]<\/p>\n","protected":false},"author":2,"featured_media":48628,"comment_status":"open","ping_status":"open","sticky":false,"template":"","format":"standard","meta":[],"categories":[60],"tags":[],"_links":{"self":[{"href":"http:\/\/noticiastelered.com\/PortalDNoticias\/wp-json\/wp\/v2\/posts\/48626"}],"collection":[{"href":"http:\/\/noticiastelered.com\/PortalDNoticias\/wp-json\/wp\/v2\/posts"}],"about":[{"href":"http:\/\/noticiastelered.com\/PortalDNoticias\/wp-json\/wp\/v2\/types\/post"}],"author":[{"embeddable":true,"href":"http:\/\/noticiastelered.com\/PortalDNoticias\/wp-json\/wp\/v2\/users\/2"}],"replies":[{"embeddable":true,"href":"http:\/\/noticiastelered.com\/PortalDNoticias\/wp-json\/wp\/v2\/comments?post=48626"}],"version-history":[{"count":1,"href":"http:\/\/noticiastelered.com\/PortalDNoticias\/wp-json\/wp\/v2\/posts\/48626\/revisions"}],"predecessor-version":[{"id":48629,"href":"http:\/\/noticiastelered.com\/PortalDNoticias\/wp-json\/wp\/v2\/posts\/48626\/revisions\/48629"}],"wp:featuredmedia":[{"embeddable":true,"href":"http:\/\/noticiastelered.com\/PortalDNoticias\/wp-json\/wp\/v2\/media\/48628"}],"wp:attachment":[{"href":"http:\/\/noticiastelered.com\/PortalDNoticias\/wp-json\/wp\/v2\/media?parent=48626"}],"wp:term":[{"taxonomy":"category","embeddable":true,"href":"http:\/\/noticiastelered.com\/PortalDNoticias\/wp-json\/wp\/v2\/categories?post=48626"},{"taxonomy":"post_tag","embeddable":true,"href":"http:\/\/noticiastelered.com\/PortalDNoticias\/wp-json\/wp\/v2\/tags?post=48626"}],"curies":[{"name":"wp","href":"https:\/\/api.w.org\/{rel}","templated":true}]}}