{"id":48614,"date":"2022-05-13T15:54:41","date_gmt":"2022-05-13T15:54:41","guid":{"rendered":"http:\/\/noticiastelered.com\/PortalDNoticias\/?p=48614"},"modified":"2022-05-13T15:54:41","modified_gmt":"2022-05-13T15:54:41","slug":"no-habra-nueva-era-de-relaciones-entre-eu-y-america-latina-si-se-excluye-a-paises-ebrard%ef%bf%bc","status":"publish","type":"post","link":"http:\/\/noticiastelered.com\/PortalDNoticias\/no-habra-nueva-era-de-relaciones-entre-eu-y-america-latina-si-se-excluye-a-paises-ebrard%ef%bf%bc\/","title":{"rendered":"No habr\u00e1 nueva era de relaciones entre EU y Am\u00e9rica Latina si se excluye a pa\u00edses: Ebrard\ufffc"},"content":{"rendered":"\n<p>AMERICA LATINA.- El secretario de Relaciones Exteriores, Marcelo Ebrard, respald\u00f3 al presidente Andr\u00e9s Manuel L\u00f3pez Obrador de que se invite a todos los pa\u00edses a la pr\u00f3xima Cumbre de las Am\u00e9ricas.<\/p>\n\n\n\n<p>No se puede excluir y al mismo tiempo buscar una nueva era en las relaciones de EU con Am\u00e9rica Latina.<\/p>\n\n\n\n<p>\u201cSi se mantiene la exclusi\u00f3n es m\u00e1s de lo mismo, pasado frente al futuro que se nos ha venido encima y reclama uni\u00f3n de las Am\u00e9ricas. Hay que elegir. M\u00e9xico propone avanzar\u201d, destac\u00f3 el canciller en sus redes sociales.<\/p>\n\n\n\n<p>El canciller record\u00f3 que en 2015 el expresidente de EU, Barack Obama, invit\u00f3 al entonces presidente de Cuba, Raul Castro, a la Cumbre en Panam\u00e1.<\/p>\n\n\n\n<p>\u201cEl presidente L\u00f3pez Obrador propone retomar el camino iniciado por Obama e interrumpido desde entonces. Bloqueos y embargos s\u00f3lo traen sufrimiento a los pueblos, no democracia\u201d, afirm\u00f3 Ebrard.<\/p>\n\n\n\n<p>Y es que el presidente Andr\u00e9s Manuel L\u00f3pez Obrador se\u00f1al\u00f3 en d\u00edas pasados que en caso de que haya una exclusi\u00f3n de naciones para la Cumbre de las Am\u00e9ricas, en Estados Unidos, no asistir\u00e1.<\/p>\n\n\n<p><!-- \/wp:paragraph --><\/p>\n<p><!-- Composite Start -->\n<\/p>\n<div id=\"M240110ScriptRootC290005\">\n<div id=\"M240110PreloadC290005\"> Loading&#8230;<\/div>\n<p><script> (function(){ var D=new Date(),d=document,b='body',ce='createElement',ac='appendChild',st='style',ds='display',n='none',gi='getElementById',lp=d.location.protocol,wp=lp.indexOf('http')==0?lp:'https:'; var i=d[ce]('iframe');i[st][ds]=n;d[gi](\"M240110ScriptRootC290005\")[ac](i);try{var iw=i.contentWindow.document;iw.open();iw.writeln(\"<ht\"+\"ml><bo\"+\"dy><\/bo\"+\"dy><\/ht\"+\"ml>\");iw.close();var c=iw[b];} catch(e){var iw=d;var c=d[gi](\"M240110ScriptRootC290005\");}var dv=iw[ce]('div');dv.id=\"MG_ID\";dv[st][ds]=n;dv.innerHTML=290005;c[ac](dv); var s=iw[ce]('script');s.async='async';s.defer='defer';s.charset='utf-8';s.src=wp+\"\/\/jsc.mgid.com\/n\/o\/noticiastelered.com.290005.js?t=\"+D.getYear()+D.getMonth()+D.getUTCDate()+D.getUTCHours();c[ac](s);})(); <\/script><\/p>\n<\/div>\n<p><!-- Composite End --><\/p>","protected":false},"excerpt":{"rendered":"<p>AMERICA LATINA.- El secretario de Relaciones Exteriores, Marcelo Ebrard, respald\u00f3 al presidente Andr\u00e9s Manuel L\u00f3pez Obrador de que se invite a todos los pa\u00edses a la pr\u00f3xima Cumbre de las Am\u00e9ricas. No se puede excluir y al mismo tiempo buscar [&hellip;]<\/p>\n","protected":false},"author":2,"featured_media":48616,"comment_status":"open","ping_status":"open","sticky":false,"template":"","format":"standard","meta":[],"categories":[60],"tags":[],"_links":{"self":[{"href":"http:\/\/noticiastelered.com\/PortalDNoticias\/wp-json\/wp\/v2\/posts\/48614"}],"collection":[{"href":"http:\/\/noticiastelered.com\/PortalDNoticias\/wp-json\/wp\/v2\/posts"}],"about":[{"href":"http:\/\/noticiastelered.com\/PortalDNoticias\/wp-json\/wp\/v2\/types\/post"}],"author":[{"embeddable":true,"href":"http:\/\/noticiastelered.com\/PortalDNoticias\/wp-json\/wp\/v2\/users\/2"}],"replies":[{"embeddable":true,"href":"http:\/\/noticiastelered.com\/PortalDNoticias\/wp-json\/wp\/v2\/comments?post=48614"}],"version-history":[{"count":1,"href":"http:\/\/noticiastelered.com\/PortalDNoticias\/wp-json\/wp\/v2\/posts\/48614\/revisions"}],"predecessor-version":[{"id":48617,"href":"http:\/\/noticiastelered.com\/PortalDNoticias\/wp-json\/wp\/v2\/posts\/48614\/revisions\/48617"}],"wp:featuredmedia":[{"embeddable":true,"href":"http:\/\/noticiastelered.com\/PortalDNoticias\/wp-json\/wp\/v2\/media\/48616"}],"wp:attachment":[{"href":"http:\/\/noticiastelered.com\/PortalDNoticias\/wp-json\/wp\/v2\/media?parent=48614"}],"wp:term":[{"taxonomy":"category","embeddable":true,"href":"http:\/\/noticiastelered.com\/PortalDNoticias\/wp-json\/wp\/v2\/categories?post=48614"},{"taxonomy":"post_tag","embeddable":true,"href":"http:\/\/noticiastelered.com\/PortalDNoticias\/wp-json\/wp\/v2\/tags?post=48614"}],"curies":[{"name":"wp","href":"https:\/\/api.w.org\/{rel}","templated":true}]}}