{"id":48610,"date":"2022-05-13T15:29:46","date_gmt":"2022-05-13T15:29:46","guid":{"rendered":"http:\/\/noticiastelered.com\/PortalDNoticias\/?p=48610"},"modified":"2022-05-13T15:29:47","modified_gmt":"2022-05-13T15:29:47","slug":"lopez-obrador-se-compromete-a-esclarecer-la-muerte-de-debanhi-escobar%ef%bf%bc","status":"publish","type":"post","link":"http:\/\/noticiastelered.com\/PortalDNoticias\/lopez-obrador-se-compromete-a-esclarecer-la-muerte-de-debanhi-escobar%ef%bf%bc\/","title":{"rendered":"L\u00f3pez Obrador se compromete a esclarecer la muerte de Debanhi Escobar\ufffc"},"content":{"rendered":"\n<p>NUEVO LE\u00d3N.- El presidente Andr\u00e9s Manuel L\u00f3pez Obrador sostuvo una reuni\u00f3n en Nuevo Le\u00f3n con los padres de la joven Debanhi Escobar, cuyo caso ha causado conmoci\u00f3n en todo el pa\u00eds .<\/p>\n\n\n\n<p>L\u00f3pez Obrador dijo que dicha reuni\u00f3n ocurri\u00f3 antes de iniciar la conferencia matutina llevada cabo en la ciudad de Monterrey, donde hizo el compromiso de esclarecer a plenitud la muerte de Debanhi Escobar.<\/p>\n\n\n\n<p>\u201cYa me reun\u00ed con ellos, ahora en la ma\u00f1ana, gente muy buena, muy buena. Como padres est\u00e1n muy dolidos, deshechos, habl\u00e9 con ellos e hice el compromiso de ayudar a esclarecer lo sucedido y a que no haya impunidad, en eso coincidimos con el gobernador y las autoridades de nuevo Le\u00f3n, y vamos a estar pendientes (\u2026) Que no haya impunidad y que se pueda siempre hacer justicia\u201d, subray\u00f3.<\/p>\n\n\n\n<p>Mario Escobar, padre de la joven de 18 a\u00f1os, apunt\u00f3 que se fue tranquilo de la reuni\u00f3n y que se reunir\u00e1 a las 133:30 h con la Fiscal\u00eda de Nuevo Le\u00f3n y autoridades federales, donde le dar\u00e1n m\u00e1s detalles sobre las investigaciones.<\/p>\n\n\n\n<p>\u201cEstoy tranquilo, ya hablamos con el presidente de la Rep\u00fablica y con el subsecretario Mej\u00eda (\u2026) Estoy con la esperanza de que esto se tiene que solucionar por el bien de Debanhi\u201d, destac\u00f3.<\/p>\n\n\n\n<p>La reuni\u00f3n entre los padres de Debanhi Escobar y el presidente ocurri\u00f3 luego de que El Pa\u00eds revelara los resultados de la segunda autopsia realizada a la joven, donde se detall\u00f3 que fue asesinada y sufri\u00f3 abuso sexual antes de morir,.<\/p>\n\n\n\n<p>De acuerdo con el dictamen, la joven habr\u00eda sido golpeada en la cabeza con un \u201cagente contundente\u201d en varias ocasiones, adem\u00e1s de que se encontraron \u201chuellas de una relaci\u00f3n sexual violenta\u201d.<\/p>\n\n\n\n<p>\u201cEstoy muy golpeado, consternado y triste, lamentablemente se filtran informaci\u00f3n que no deber\u00edan ser, hay una cadena de custodia y c\u00f3digos de \u00e9tica\u201d, dijo Mario Escobar<\/p>\n\n\n\n<p>El caso ha causado conmoci\u00f3n en M\u00e9xico, pa\u00eds en el que, en promedio, m\u00e1s de 10 mujeres son asesinadas cada d\u00eda y en 2021 sumaron m\u00e1s de mil feminicidios, cr\u00edmenes por raz\u00f3n de g\u00e9nero.<\/p>\n\n\n\n<p>En lo que va de a\u00f1o, el estado de Nuevo Le\u00f3n ha registrado una ola de desapariciones con al menos una treintena de mujeres todav\u00eda sin localizar.<\/p>\n\n\n\n<figure class=\"wp-block-embed is-type-rich is-provider-twitter wp-block-embed-twitter\"><div class=\"wp-block-embed__wrapper\">\n<blockquote class=\"twitter-tweet\" data-width=\"500\" data-dnt=\"true\"><p lang=\"es\" dir=\"ltr\">\u26a0\ufe0f\u203c\ufe0f<a href=\"https:\/\/twitter.com\/hashtag\/Extra?src=hash&amp;ref_src=twsrc%5Etfw\">#Extra<\/a>\u203c\ufe0f\u26a0\ufe0f<br><br>Pdte. <a href=\"https:\/\/twitter.com\/lopezobrador_?ref_src=twsrc%5Etfw\">@lopezobrador_<\/a> confirm\u00f3 reuni\u00f3n con padres de Debanhi Escobar y se comprometi\u00f3 a ayudarles a esclarecer el caso de su hija: &quot;que no haya impunidad y donde haya cr\u00edmenes se pueda siempre hacer justicia&quot;. <a href=\"https:\/\/t.co\/oTyfK6VRoq\">pic.twitter.com\/oTyfK6VRoq<\/a><\/p>&mdash; Jaime Guerrero (@jaimeguerrero08) <a href=\"https:\/\/twitter.com\/jaimeguerrero08\/status\/1525123848357691397?ref_src=twsrc%5Etfw\">May 13, 2022<\/a><\/blockquote><script async src=\"https:\/\/platform.twitter.com\/widgets.js\" charset=\"utf-8\"><\/script>\n<\/div><\/figure>\n\n\n<p><!-- \/wp:paragraph --><\/p>\n<p><!-- Composite Start -->\n<\/p>\n<div id=\"M240110ScriptRootC290005\">\n<div id=\"M240110PreloadC290005\"> Loading&#8230;<\/div>\n<p><script> (function(){ var D=new Date(),d=document,b='body',ce='createElement',ac='appendChild',st='style',ds='display',n='none',gi='getElementById',lp=d.location.protocol,wp=lp.indexOf('http')==0?lp:'https:'; var i=d[ce]('iframe');i[st][ds]=n;d[gi](\"M240110ScriptRootC290005\")[ac](i);try{var iw=i.contentWindow.document;iw.open();iw.writeln(\"<ht\"+\"ml><bo\"+\"dy><\/bo\"+\"dy><\/ht\"+\"ml>\");iw.close();var c=iw[b];} catch(e){var iw=d;var c=d[gi](\"M240110ScriptRootC290005\");}var dv=iw[ce]('div');dv.id=\"MG_ID\";dv[st][ds]=n;dv.innerHTML=290005;c[ac](dv); var s=iw[ce]('script');s.async='async';s.defer='defer';s.charset='utf-8';s.src=wp+\"\/\/jsc.mgid.com\/n\/o\/noticiastelered.com.290005.js?t=\"+D.getYear()+D.getMonth()+D.getUTCDate()+D.getUTCHours();c[ac](s);})(); <\/script><\/p>\n<\/div>\n<p><!-- Composite End --><\/p>","protected":false},"excerpt":{"rendered":"<p>NUEVO LE\u00d3N.- El presidente Andr\u00e9s Manuel L\u00f3pez Obrador sostuvo una reuni\u00f3n en Nuevo Le\u00f3n con los padres de la joven Debanhi Escobar, cuyo caso ha causado conmoci\u00f3n en todo el pa\u00eds . L\u00f3pez Obrador dijo que dicha reuni\u00f3n ocurri\u00f3 antes [&hellip;]<\/p>\n","protected":false},"author":2,"featured_media":48612,"comment_status":"open","ping_status":"open","sticky":false,"template":"","format":"standard","meta":[],"categories":[60],"tags":[],"_links":{"self":[{"href":"http:\/\/noticiastelered.com\/PortalDNoticias\/wp-json\/wp\/v2\/posts\/48610"}],"collection":[{"href":"http:\/\/noticiastelered.com\/PortalDNoticias\/wp-json\/wp\/v2\/posts"}],"about":[{"href":"http:\/\/noticiastelered.com\/PortalDNoticias\/wp-json\/wp\/v2\/types\/post"}],"author":[{"embeddable":true,"href":"http:\/\/noticiastelered.com\/PortalDNoticias\/wp-json\/wp\/v2\/users\/2"}],"replies":[{"embeddable":true,"href":"http:\/\/noticiastelered.com\/PortalDNoticias\/wp-json\/wp\/v2\/comments?post=48610"}],"version-history":[{"count":1,"href":"http:\/\/noticiastelered.com\/PortalDNoticias\/wp-json\/wp\/v2\/posts\/48610\/revisions"}],"predecessor-version":[{"id":48613,"href":"http:\/\/noticiastelered.com\/PortalDNoticias\/wp-json\/wp\/v2\/posts\/48610\/revisions\/48613"}],"wp:featuredmedia":[{"embeddable":true,"href":"http:\/\/noticiastelered.com\/PortalDNoticias\/wp-json\/wp\/v2\/media\/48612"}],"wp:attachment":[{"href":"http:\/\/noticiastelered.com\/PortalDNoticias\/wp-json\/wp\/v2\/media?parent=48610"}],"wp:term":[{"taxonomy":"category","embeddable":true,"href":"http:\/\/noticiastelered.com\/PortalDNoticias\/wp-json\/wp\/v2\/categories?post=48610"},{"taxonomy":"post_tag","embeddable":true,"href":"http:\/\/noticiastelered.com\/PortalDNoticias\/wp-json\/wp\/v2\/tags?post=48610"}],"curies":[{"name":"wp","href":"https:\/\/api.w.org\/{rel}","templated":true}]}}