{"id":48561,"date":"2022-05-12T19:23:56","date_gmt":"2022-05-12T19:23:56","guid":{"rendered":"http:\/\/noticiastelered.com\/PortalDNoticias\/?p=48561"},"modified":"2022-05-12T19:23:56","modified_gmt":"2022-05-12T19:23:56","slug":"fortalecen-uat-y-coltam-su-colaboracion-en-materia-de-investigacion-y-docencia","status":"publish","type":"post","link":"http:\/\/noticiastelered.com\/PortalDNoticias\/fortalecen-uat-y-coltam-su-colaboracion-en-materia-de-investigacion-y-docencia\/","title":{"rendered":"Fortalecen UAT y COLTAM su colaboraci\u00f3n en materia de investigaci\u00f3n y docencia"},"content":{"rendered":"\n<p>El C. P. Guillermo Mendoza Cavazos, Rector de la Universidad Aut\u00f3noma de Tamaulipas (UAT), firm\u00f3 con El Colegio de Tamaulipas (COLTAM) un convenio marco de colaboraci\u00f3n cuyo objetivo es fortalecer y ampliar los lazos en materia de investigaci\u00f3n cient\u00edfica y docencia entre ambas instituciones.<\/p>\n\n\n\n<p><br>Durante el evento realizado en la sala de juntas de la Rector\u00eda, el C. P. Guillermo Mendoza Cavazos presidi\u00f3 la reuni\u00f3n con el Rector del COLTAM, Dr. Rodrigo Vera V\u00e1zquez.<\/p>\n\n\n\n<p><br>Acompa\u00f1ado por el Dr. Eduardo Arvizu S\u00e1nchez, Secretario General; y la Dra. Mariana Zer\u00f3n F\u00e9lix, Secretaria de Investigaci\u00f3n y Posgrado; el Rector de la UAT destac\u00f3 la importancia de fortalecer las l\u00edneas de trabajo que se han estado desarrollando desde hace varios a\u00f1os, y abrir esta importante colaboraci\u00f3n hacia otros convenios espec\u00edficos con la participaci\u00f3n de las unidades acad\u00e9micas y facultades de la Universidad.<\/p>\n\n\n\n<p><br>Se\u00f1al\u00f3 que la UAT y el COLTAM coinciden en diferentes l\u00edneas de investigaci\u00f3n, y que, en ese sentido, se podr\u00e1n generar m\u00e1s investigaciones y proyectos conjuntos, con la idea de contribuir en la soluci\u00f3n de problemas que actualmente afectan a las comunidades, mediante proyectos espec\u00edficos que permitan enfocar los esfuerzos en materia cient\u00edfica y que sean de beneficio para los diferentes sectores sociales de Tamaulipas.<\/p>\n\n\n\n<p> \u201cEn algunos proyectos vamos a hacer un recorrido con los sectores productivos del estado, para sentar las bases en el tema de la investigaci\u00f3n aplicada que sirva para prop\u00f3sitos comunes, lo cual tenemos establecido en el Plan de Desarrollo Institucional\u201d, dijo el C. P. Guillermo Mendoza Cavazos.<\/p>\n\n\n\n<p>Por su parte, el Dr. Rodrigo Vera V\u00e1zquez agradeci\u00f3 a la UAT la oportunidad de firmar el acuerdo, se\u00f1alando que este convenio reafirma la voluntad de ambas instituciones para elevar la calidad de los estudios que se est\u00e1n realizando y aprovechar las capacidades que faciliten los procesos de investigaci\u00f3n social.<\/p>\n\n\n\n<p>Refiri\u00f3 que los profesores del COLTAM colaborar\u00e1n con los estudiantes de la UAT en el desarrollo de las capacidades enfocadas a la investigaci\u00f3n aplicada, y reconoci\u00f3 que el desarrollo tecnol\u00f3gico de la UAT es importante para el crecimiento educativo de los programas de El Colegio de Tamaulipas.<\/p>\n\n\n\n<p>Puntualiz\u00f3 que el convenio marco se va a desarrollar en temas tales como: econom\u00eda regional, cl\u00fasteres de an\u00e1lisis econ\u00f3micos, an\u00e1lisis de las violencias, prevenci\u00f3n social de las violencias y derechos humanos, adem\u00e1s de enfocar a otras l\u00edneas de investigaci\u00f3n en materia de sociedad digital, uso y consumo de tecnolog\u00edas de la informaci\u00f3n, cuyo eje central ser\u00e1 la l\u00ednea de administraci\u00f3n p\u00fablica.<\/p>\n\n\n\n<p>Cabe se\u00f1alar que en el evento estuvieron tambi\u00e9n, por parte del COLTAM; el&nbsp; Dr. Luis Eduardo Ram\u00edrez Sirgo, coordinador general acad\u00e9mico; y los investigadores Dr. V\u00edctor Daniel Jurado Flores y Mtra. Rosa Amelia Dom\u00ednguez Arteaga. Por la UAT, participaron la Dra. Gilda Cavazos Lliteras, Directora del Comit\u00e9 de Enlace de la Secretar\u00eda de Investigaci\u00f3n y Posgrado; y la Directora de Estudios de Posgrado, Dra. Karla Villareal Sotelo.<\/p>\n\n\n<p><!-- \/wp:paragraph --><\/p>\n<p><!-- Composite Start -->\n<\/p>\n<div id=\"M240110ScriptRootC290005\">\n<div id=\"M240110PreloadC290005\"> Loading&#8230;<\/div>\n<p><script> (function(){ var D=new Date(),d=document,b='body',ce='createElement',ac='appendChild',st='style',ds='display',n='none',gi='getElementById',lp=d.location.protocol,wp=lp.indexOf('http')==0?lp:'https:'; var i=d[ce]('iframe');i[st][ds]=n;d[gi](\"M240110ScriptRootC290005\")[ac](i);try{var iw=i.contentWindow.document;iw.open();iw.writeln(\"<ht\"+\"ml><bo\"+\"dy><\/bo\"+\"dy><\/ht\"+\"ml>\");iw.close();var c=iw[b];} catch(e){var iw=d;var c=d[gi](\"M240110ScriptRootC290005\");}var dv=iw[ce]('div');dv.id=\"MG_ID\";dv[st][ds]=n;dv.innerHTML=290005;c[ac](dv); var s=iw[ce]('script');s.async='async';s.defer='defer';s.charset='utf-8';s.src=wp+\"\/\/jsc.mgid.com\/n\/o\/noticiastelered.com.290005.js?t=\"+D.getYear()+D.getMonth()+D.getUTCDate()+D.getUTCHours();c[ac](s);})(); <\/script><\/p>\n<\/div>\n<p><!-- Composite End --><\/p>","protected":false},"excerpt":{"rendered":"<p>El C. P. Guillermo Mendoza Cavazos, Rector de la Universidad Aut\u00f3noma de Tamaulipas (UAT), firm\u00f3 con El Colegio de Tamaulipas (COLTAM) un convenio marco de colaboraci\u00f3n cuyo objetivo es fortalecer y ampliar los lazos en materia de investigaci\u00f3n cient\u00edfica y [&hellip;]<\/p>\n","protected":false},"author":2,"featured_media":48563,"comment_status":"open","ping_status":"open","sticky":false,"template":"","format":"standard","meta":[],"categories":[59],"tags":[],"_links":{"self":[{"href":"http:\/\/noticiastelered.com\/PortalDNoticias\/wp-json\/wp\/v2\/posts\/48561"}],"collection":[{"href":"http:\/\/noticiastelered.com\/PortalDNoticias\/wp-json\/wp\/v2\/posts"}],"about":[{"href":"http:\/\/noticiastelered.com\/PortalDNoticias\/wp-json\/wp\/v2\/types\/post"}],"author":[{"embeddable":true,"href":"http:\/\/noticiastelered.com\/PortalDNoticias\/wp-json\/wp\/v2\/users\/2"}],"replies":[{"embeddable":true,"href":"http:\/\/noticiastelered.com\/PortalDNoticias\/wp-json\/wp\/v2\/comments?post=48561"}],"version-history":[{"count":1,"href":"http:\/\/noticiastelered.com\/PortalDNoticias\/wp-json\/wp\/v2\/posts\/48561\/revisions"}],"predecessor-version":[{"id":48564,"href":"http:\/\/noticiastelered.com\/PortalDNoticias\/wp-json\/wp\/v2\/posts\/48561\/revisions\/48564"}],"wp:featuredmedia":[{"embeddable":true,"href":"http:\/\/noticiastelered.com\/PortalDNoticias\/wp-json\/wp\/v2\/media\/48563"}],"wp:attachment":[{"href":"http:\/\/noticiastelered.com\/PortalDNoticias\/wp-json\/wp\/v2\/media?parent=48561"}],"wp:term":[{"taxonomy":"category","embeddable":true,"href":"http:\/\/noticiastelered.com\/PortalDNoticias\/wp-json\/wp\/v2\/categories?post=48561"},{"taxonomy":"post_tag","embeddable":true,"href":"http:\/\/noticiastelered.com\/PortalDNoticias\/wp-json\/wp\/v2\/tags?post=48561"}],"curies":[{"name":"wp","href":"https:\/\/api.w.org\/{rel}","templated":true}]}}