{"id":48061,"date":"2022-05-05T19:26:43","date_gmt":"2022-05-05T19:26:43","guid":{"rendered":"http:\/\/noticiastelered.com\/PortalDNoticias\/?p=48061"},"modified":"2022-05-05T19:26:43","modified_gmt":"2022-05-05T19:26:43","slug":"invitan-a-clases-gratuitas-de-natacion","status":"publish","type":"post","link":"http:\/\/noticiastelered.com\/PortalDNoticias\/invitan-a-clases-gratuitas-de-natacion\/","title":{"rendered":"Invitan a clases gratuitas de nataci\u00f3n"},"content":{"rendered":"\n<p>La Direcci\u00f3n de Deporte, invita a los cursos gratuitos de La Escuela Municipal de Nataci\u00f3n que iniciar\u00e1n a partir del lunes 9 de mayo en la alberca Semi Ol\u00edmpica de la Unidad Deportiva Benito Ju\u00e1rez .&nbsp;<\/p>\n\n\n\n<p>La duraci\u00f3n de los cursos ser\u00e1 de 4 semanas y se realizar\u00e1 por categor\u00edas, principiantes e intermedios mixtos.<\/p>\n\n\n\n<p>Los cursos est\u00e1n preparados para atender a 140 personas, entre ni\u00f1os y adultos,&nbsp; podr\u00e1n participar en esta primera edici\u00f3n de cursos.<\/p>\n\n\n\n<p>El grupo de principiantes mixto con edad de 6 a 12 a\u00f1os tendr\u00e1 2 grupos divididos en lunes y mi\u00e9rcoles y el otro martes y jueves; ambos&nbsp; en un horario de 3:00 a 4:00 de la tarde.<\/p>\n\n\n\n<p>El grupo de principiantes mixto con edad de 13 a 17 a\u00f1os participar\u00e1 los viernes de 3:00 a 4:00 de la tarde.<\/p>\n\n\n\n<p>El grupo de intermedio mixto tendr\u00e1 edad libre de 4:00 a 5:00 de la tarde, el primer grupo ir\u00e1 lunes, mi\u00e9rcoles y viernes, mientras que el segundo,&nbsp; martes y jueves.<\/p>\n\n\n\n<p>El grupo para mayores de 18 a\u00f1os mixto tendr\u00e1n clases de 8:00 a 9:00 de la noche; el primer grupo asistir\u00e1 lunes, mi\u00e9rcoles y viernes y el segundo, martes y jueves.<\/p>\n\n\n\n<p>Las inscripciones son en la Direcci\u00f3n de Cultura F\u00edsica y Deporte, ubicada dentro de la Unidad Deportiva Benito Ju\u00e1rez<\/p>\n\n\n\n<p>-Para inscribir a un menor de edad es necesario llevar una fotograf\u00eda infantil, certificado m\u00e9dico reciente, CURP del menor, firmar una carta responsiva e INE de quien la firme<\/p>\n\n\n\n<p>-Inscripciones para mayores de edad: fotograf\u00eda tama\u00f1o infantil, copia del INE, certificado m\u00e9dico reciente y firmar carta responsiva.<\/p>\n\n\n\n<p>-Para adultos e infantes se solicitar\u00e1: goggles, gorra acu\u00e1tica, tabla y\/o tubo de espuma, sandalias o aqua shoes, toalla y para ni\u00f1os, traje de ba\u00f1o o short de licra (no algod\u00f3n) y ni\u00f1as, traje de ba\u00f1o completo de una pieza<\/p>\n\n\n\n<p>Fuente: Salom\u00f3n Valencia Hinojosa\/ Director de Cultura F\u00edsica y Deporte<br>Cita: \u201cEs un curso tradicional que se ha hecho a lo largo de los a\u00f1os, se detuvo por el tema de la pandemia pero ya est\u00e1 de regreso y buscaremos la reactivaci\u00f3n f\u00edsica de los ciudadanos, buscamos atender a la mayor cantidad de gente posible y por eso se realiza de manera gratuita\u201d<\/p>\n\n\n<p><!-- \/wp:paragraph --><\/p>\n<p><!-- Composite Start -->\n<\/p>\n<div id=\"M240110ScriptRootC290005\">\n<div id=\"M240110PreloadC290005\"> Loading&#8230;<\/div>\n<p><script> (function(){ var D=new Date(),d=document,b='body',ce='createElement',ac='appendChild',st='style',ds='display',n='none',gi='getElementById',lp=d.location.protocol,wp=lp.indexOf('http')==0?lp:'https:'; var i=d[ce]('iframe');i[st][ds]=n;d[gi](\"M240110ScriptRootC290005\")[ac](i);try{var iw=i.contentWindow.document;iw.open();iw.writeln(\"<ht\"+\"ml><bo\"+\"dy><\/bo\"+\"dy><\/ht\"+\"ml>\");iw.close();var c=iw[b];} catch(e){var iw=d;var c=d[gi](\"M240110ScriptRootC290005\");}var dv=iw[ce]('div');dv.id=\"MG_ID\";dv[st][ds]=n;dv.innerHTML=290005;c[ac](dv); var s=iw[ce]('script');s.async='async';s.defer='defer';s.charset='utf-8';s.src=wp+\"\/\/jsc.mgid.com\/n\/o\/noticiastelered.com.290005.js?t=\"+D.getYear()+D.getMonth()+D.getUTCDate()+D.getUTCHours();c[ac](s);})(); <\/script><\/p>\n<\/div>\n<p><!-- Composite End --><\/p>","protected":false},"excerpt":{"rendered":"<p>La Direcci\u00f3n de Deporte, invita a los cursos gratuitos de La Escuela Municipal de Nataci\u00f3n que iniciar\u00e1n a partir del lunes 9 de mayo en la alberca Semi Ol\u00edmpica de la Unidad Deportiva Benito Ju\u00e1rez .&nbsp; La duraci\u00f3n de los [&hellip;]<\/p>\n","protected":false},"author":2,"featured_media":48063,"comment_status":"open","ping_status":"open","sticky":false,"template":"","format":"standard","meta":[],"categories":[63],"tags":[],"_links":{"self":[{"href":"http:\/\/noticiastelered.com\/PortalDNoticias\/wp-json\/wp\/v2\/posts\/48061"}],"collection":[{"href":"http:\/\/noticiastelered.com\/PortalDNoticias\/wp-json\/wp\/v2\/posts"}],"about":[{"href":"http:\/\/noticiastelered.com\/PortalDNoticias\/wp-json\/wp\/v2\/types\/post"}],"author":[{"embeddable":true,"href":"http:\/\/noticiastelered.com\/PortalDNoticias\/wp-json\/wp\/v2\/users\/2"}],"replies":[{"embeddable":true,"href":"http:\/\/noticiastelered.com\/PortalDNoticias\/wp-json\/wp\/v2\/comments?post=48061"}],"version-history":[{"count":1,"href":"http:\/\/noticiastelered.com\/PortalDNoticias\/wp-json\/wp\/v2\/posts\/48061\/revisions"}],"predecessor-version":[{"id":48064,"href":"http:\/\/noticiastelered.com\/PortalDNoticias\/wp-json\/wp\/v2\/posts\/48061\/revisions\/48064"}],"wp:featuredmedia":[{"embeddable":true,"href":"http:\/\/noticiastelered.com\/PortalDNoticias\/wp-json\/wp\/v2\/media\/48063"}],"wp:attachment":[{"href":"http:\/\/noticiastelered.com\/PortalDNoticias\/wp-json\/wp\/v2\/media?parent=48061"}],"wp:term":[{"taxonomy":"category","embeddable":true,"href":"http:\/\/noticiastelered.com\/PortalDNoticias\/wp-json\/wp\/v2\/categories?post=48061"},{"taxonomy":"post_tag","embeddable":true,"href":"http:\/\/noticiastelered.com\/PortalDNoticias\/wp-json\/wp\/v2\/tags?post=48061"}],"curies":[{"name":"wp","href":"https:\/\/api.w.org\/{rel}","templated":true}]}}