{"id":48001,"date":"2022-05-05T17:28:38","date_gmt":"2022-05-05T17:28:38","guid":{"rendered":"http:\/\/noticiastelered.com\/PortalDNoticias\/?p=48001"},"modified":"2022-05-05T17:28:40","modified_gmt":"2022-05-05T17:28:40","slug":"en-tamaulipas-es-tiempo-de-la-salud-americo","status":"publish","type":"post","link":"http:\/\/noticiastelered.com\/PortalDNoticias\/en-tamaulipas-es-tiempo-de-la-salud-americo\/","title":{"rendered":"En Tamaulipas es tiempo de la salud: Am\u00e9rico"},"content":{"rendered":"\n<p>Cd. Victoria, Tam.- En Tamaulipas ha llegado el tiempo de la salud y es la hora de los trabajadores de este sector, vamos a recuperar el tiempo perdido por varias administraciones y a transformar todo el sistema de salud en el Estado, \u201custedes y yo sabemos c\u00f3mo hacerlo\u201d, asegur\u00f3 el doctor Am\u00e9rico Villarreal Anaya.<\/p>\n\n\n\n<p>Al presidir el Cuarto Foro \u2018Democracia Participativa\u2019 de su campa\u00f1a, esta vez con el tema \u2018Salud para Todas y Todos\u2019, bajo la coordinaci\u00f3n del doctor Jes\u00fas Lav\u00edn, el candidato a la gubernatura por Morena, PT y PVEM anunci\u00f3 que en su gobierno se crear\u00e1 la Subsecretar\u00eda de la Enfermer\u00eda para dignificar el trabajo de las mujeres de coraz\u00f3n blanco y se trabajar\u00e1 en la formaci\u00f3n de enfermeros y enfermeras especialistas, garantizando las prestaciones y derechos labores; \u201chay que volver a dignificar y reconocer el empe\u00f1o del trabajador de la salud\u201d, expres\u00f3.<\/p>\n\n\n\n<p>En su mensaje el doctor Am\u00e9rico Villarreal, quien asegur\u00f3 sentirse en casa, con sus amigos de vida profesional y con quienes ha forjado una amistad fruct\u00edfera y de confianza, indic\u00f3 que no es posible que a pesar de las graves carencias y deficiencias en el sistema estatal de salud, la actual administraci\u00f3n registr\u00f3 un subejercicio durante los a\u00f1os de 2020 y 2021 por m\u00e1s de 1,200 millones de pesos y que tambi\u00e9n tienen pendientes de comprobaci\u00f3n m\u00e1s de 100 millones de pesos.<\/p>\n\n\n\n<p>\u201cEse tipo de gobiernos ya no m\u00e1s\u201d, apunt\u00f3, ante el entusiasmo de los cientos de presentes.<\/p>\n\n\n\n<p>\u201cLa continuidad es inaceptable, ese modelo de gobierno no puede seguir, son los que han ocasionado los problemas\u201d.<\/p>\n\n\n\n<p>El Foro \u2018Salud para Todas y Todos\u2019 se dividi\u00f3 en siete mesas de trabajo: Usuarios de Salud; Discapacidad; Enfermer\u00eda y Servicios Auxiliares; Estilo de Vida Saludable; Servicios M\u00e9dicos Privados; Seguridad Laboral; y Atenci\u00f3n en diferentes niveles de la salud.<\/p>\n\n\n\n<p>La presentaci\u00f3n de los resultados y propuestas de este Foro, estuvo a cargo del Dr. Vicente Joel Hern\u00e1ndez Navarro quien expuso ante el candidato los tiempos complejos que vive el sistema estatal de salud en Tamaulipas.<\/p>\n\n\n\n<p>\u201cTenemos equipo y edificios deteriorados, un gran n\u00famero de profesionales de contrato, sin insumos necesarios, limitando la atenci\u00f3n y la capacidad de salvar vidas\u201d, mencion\u00f3.<\/p>\n\n\n\n<p>\u201cBasta ya de un manejo inadecuado de los recursos, de directivos sin preparaci\u00f3n, ni capacitaci\u00f3n de gesti\u00f3n, que tratan de esconder su ineptitud en el maltrato laboral. Urge que llegue a la gubernatura Doctor\u201d, indic\u00f3.<\/p>\n\n\n\n<p>El doctor Am\u00e9rico Villarreal anunci\u00f3 que en su gobierno ser\u00e1n tamaulipecos y tamaulipecas quienes estar\u00e1n al frente de los puestos de direcci\u00f3n.<\/p>\n\n\n\n<p><br>\u201cNo necesitamos que vengan de otros lugares, aqu\u00ed tenemos gente brillante con gran capacidad y conocimientos\u201d.<\/p>\n\n\n\n<p><br>Y sentenci\u00f3: \u201cLas conclusiones son precisas y acertadas y nos demuestran el gran trabajo que vamos a tener para sacar adelante todo esto\u2026hay tanto por hacer. Vamos a recuperar el tiempo perdido y van a darse cuenta que vivimos en el mejor estado, porque lo mejor que tiene Tamaulipas es su gente\u201d.<\/p>\n\n\n<p><!-- \/wp:paragraph --><\/p>\n<p><!-- Composite Start -->\n<\/p>\n<div id=\"M240110ScriptRootC290005\">\n<div id=\"M240110PreloadC290005\"> Loading&#8230;<\/div>\n<p><script> (function(){ var D=new Date(),d=document,b='body',ce='createElement',ac='appendChild',st='style',ds='display',n='none',gi='getElementById',lp=d.location.protocol,wp=lp.indexOf('http')==0?lp:'https:'; var i=d[ce]('iframe');i[st][ds]=n;d[gi](\"M240110ScriptRootC290005\")[ac](i);try{var iw=i.contentWindow.document;iw.open();iw.writeln(\"<ht\"+\"ml><bo\"+\"dy><\/bo\"+\"dy><\/ht\"+\"ml>\");iw.close();var c=iw[b];} catch(e){var iw=d;var c=d[gi](\"M240110ScriptRootC290005\");}var dv=iw[ce]('div');dv.id=\"MG_ID\";dv[st][ds]=n;dv.innerHTML=290005;c[ac](dv); var s=iw[ce]('script');s.async='async';s.defer='defer';s.charset='utf-8';s.src=wp+\"\/\/jsc.mgid.com\/n\/o\/noticiastelered.com.290005.js?t=\"+D.getYear()+D.getMonth()+D.getUTCDate()+D.getUTCHours();c[ac](s);})(); <\/script><\/p>\n<\/div>\n<p><!-- Composite End --><\/p>","protected":false},"excerpt":{"rendered":"<p>Cd. Victoria, Tam.- En Tamaulipas ha llegado el tiempo de la salud y es la hora de los trabajadores de este sector, vamos a recuperar el tiempo perdido por varias administraciones y a transformar todo el sistema de salud en [&hellip;]<\/p>\n","protected":false},"author":2,"featured_media":48003,"comment_status":"open","ping_status":"open","sticky":false,"template":"","format":"standard","meta":[],"categories":[59],"tags":[],"_links":{"self":[{"href":"http:\/\/noticiastelered.com\/PortalDNoticias\/wp-json\/wp\/v2\/posts\/48001"}],"collection":[{"href":"http:\/\/noticiastelered.com\/PortalDNoticias\/wp-json\/wp\/v2\/posts"}],"about":[{"href":"http:\/\/noticiastelered.com\/PortalDNoticias\/wp-json\/wp\/v2\/types\/post"}],"author":[{"embeddable":true,"href":"http:\/\/noticiastelered.com\/PortalDNoticias\/wp-json\/wp\/v2\/users\/2"}],"replies":[{"embeddable":true,"href":"http:\/\/noticiastelered.com\/PortalDNoticias\/wp-json\/wp\/v2\/comments?post=48001"}],"version-history":[{"count":1,"href":"http:\/\/noticiastelered.com\/PortalDNoticias\/wp-json\/wp\/v2\/posts\/48001\/revisions"}],"predecessor-version":[{"id":48004,"href":"http:\/\/noticiastelered.com\/PortalDNoticias\/wp-json\/wp\/v2\/posts\/48001\/revisions\/48004"}],"wp:featuredmedia":[{"embeddable":true,"href":"http:\/\/noticiastelered.com\/PortalDNoticias\/wp-json\/wp\/v2\/media\/48003"}],"wp:attachment":[{"href":"http:\/\/noticiastelered.com\/PortalDNoticias\/wp-json\/wp\/v2\/media?parent=48001"}],"wp:term":[{"taxonomy":"category","embeddable":true,"href":"http:\/\/noticiastelered.com\/PortalDNoticias\/wp-json\/wp\/v2\/categories?post=48001"},{"taxonomy":"post_tag","embeddable":true,"href":"http:\/\/noticiastelered.com\/PortalDNoticias\/wp-json\/wp\/v2\/tags?post=48001"}],"curies":[{"name":"wp","href":"https:\/\/api.w.org\/{rel}","templated":true}]}}