{"id":47991,"date":"2022-05-05T16:13:24","date_gmt":"2022-05-05T16:13:24","guid":{"rendered":"http:\/\/noticiastelered.com\/PortalDNoticias\/?p=47991"},"modified":"2022-05-05T16:13:25","modified_gmt":"2022-05-05T16:13:25","slug":"por-negativa-al-matrimonio-igualitario-ong-analizan-demandar-al-congreso-de-tamaulipas","status":"publish","type":"post","link":"http:\/\/noticiastelered.com\/PortalDNoticias\/por-negativa-al-matrimonio-igualitario-ong-analizan-demandar-al-congreso-de-tamaulipas\/","title":{"rendered":"Por negativa al matrimonio igualitario, ONG analizan demandar al Congreso de Tamaulipas"},"content":{"rendered":"\n<p>Por rechazar el matrimonio igualitario, asociaciones defensoras de la comunidad LGBTTTIQ+ podr\u00edan denunciar al Congreso de Tamaulipas por omisi\u00f3n legislativa.<\/p>\n\n\n\n<p>El Sol de Tampico inform\u00f3 que durante la reuni\u00f3n de la Comisiones Unidas de Igualdad de G\u00e9nero, Derechos Humanos y Estudios Legislativos de esta C\u00e1mara local se dictamin\u00f3 no procedente la iniciativa del matrimonio igualitario.<\/p>\n\n\n\n<p>Los organismos no gubernamentales Tamaulipas Diversidad Vihda Trans A.C. y Tendremos Alas A.C. se\u00f1alaron que se solicitar\u00e1 el apoyo a la Defensor\u00eda P\u00fablica de la entidad para presentar la denuncia.<\/p>\n\n\n\n<p>Adem\u00e1s de solicitar a la Comisi\u00f3n Estatal de Derechos Humanos (Codhet) pronunciarse al respecto.<\/p>\n\n\n\n<p>\u201cProponemos coordinar esfuerzos con el Instituto de Defensor\u00eda P\u00fablica del Estado de Tamaulipas en conjunto con sociedad civil y abogados particulares analizar la viabilidad de demandar v\u00eda amparo al Congreso del Estado de Tamaulipas por omisi\u00f3n legislativa\u201d, declar\u00f3 la presidenta de la Tamaulipas Diversidad Vihda Trans A.C, Ana Karen L\u00f3pez Quintana.<\/p>\n\n\n\n<p>Por su parte, Celso P\u00e9rez Ruiz, presidente del Consejo Directivo de Tendremos Alas, exhort\u00f3 a la Comisi\u00f3n Estatal a respetar a la comunidad LGBTTTIQ+.<\/p>\n\n\n\n<p>\u201cAfirmamos que m\u00e1s tarde que nunca deber\u00e1n legislar a favor del matrimonio igualitario, Ley de Identidad de G\u00e9nero, Ley de Inclusi\u00f3n Laboral Trans as\u00ed como Reformar a la fracci\u00f3n IV del art\u00edculo 85 del C\u00f3digo Civil del Estado de Tamaulipas que impide a las personas que viven con VIH a contraer matrimonio\u201d, puntualiz\u00f3.<\/p>\n\n\n\n<p><strong>Acusan al Congreso de discriminaci\u00f3n<br><\/strong>Por medio de un comunicado, las asociaciones hicieron responsables a los legisladores de la 65 legislatura y a la Comisi\u00f3n de Derechos Humanos del Estado de Tamaulipas por la violencia que se ejerza contra la comunidad LGBTTTIQ+.<\/p>\n\n\n\n<p>\u201cPor cada una de las declaraciones derivadas de la presentaci\u00f3n, discusi\u00f3n y votaci\u00f3n de la iniciativa de matrimonio igualitario; basta de simulaci\u00f3n y doble discurso, refrendamos el llamado que hace dos a\u00f1os se realiz\u00f3 a toda la comunidad LGBTTTIQ+ de Tamaulipas\u201d,&nbsp;apuntaron.<\/p>\n\n\n\n<p>Estos organismos no descartaron realizar&nbsp;una toma pac\u00edfica de las instalaciones del Congreso del Estado.<\/p>\n\n\n\n<p>\u201cPediremos que los diputados se hagan responsables de sus comentarios y actos contrarios al Estado de derecho que debe prevalecer en Tamaulipas. Por parte de cada uno de los legisladores, tenemos un registro puntual de cada entrevista p\u00fablica\u201d,&nbsp;anunciaron estas asociaciones.<\/p>\n\n\n<p><!-- \/wp:paragraph --><\/p>\n<p><!-- Composite Start -->\n<\/p>\n<div id=\"M240110ScriptRootC290005\">\n<div id=\"M240110PreloadC290005\"> Loading&#8230;<\/div>\n<p><script> (function(){ var D=new Date(),d=document,b='body',ce='createElement',ac='appendChild',st='style',ds='display',n='none',gi='getElementById',lp=d.location.protocol,wp=lp.indexOf('http')==0?lp:'https:'; var i=d[ce]('iframe');i[st][ds]=n;d[gi](\"M240110ScriptRootC290005\")[ac](i);try{var iw=i.contentWindow.document;iw.open();iw.writeln(\"<ht\"+\"ml><bo\"+\"dy><\/bo\"+\"dy><\/ht\"+\"ml>\");iw.close();var c=iw[b];} catch(e){var iw=d;var c=d[gi](\"M240110ScriptRootC290005\");}var dv=iw[ce]('div');dv.id=\"MG_ID\";dv[st][ds]=n;dv.innerHTML=290005;c[ac](dv); var s=iw[ce]('script');s.async='async';s.defer='defer';s.charset='utf-8';s.src=wp+\"\/\/jsc.mgid.com\/n\/o\/noticiastelered.com.290005.js?t=\"+D.getYear()+D.getMonth()+D.getUTCDate()+D.getUTCHours();c[ac](s);})(); <\/script><\/p>\n<\/div>\n<p><!-- Composite End --><\/p>","protected":false},"excerpt":{"rendered":"<p>Por rechazar el matrimonio igualitario, asociaciones defensoras de la comunidad LGBTTTIQ+ podr\u00edan denunciar al Congreso de Tamaulipas por omisi\u00f3n legislativa. El Sol de Tampico inform\u00f3 que durante la reuni\u00f3n de la Comisiones Unidas de Igualdad de G\u00e9nero, Derechos Humanos y [&hellip;]<\/p>\n","protected":false},"author":2,"featured_media":47993,"comment_status":"open","ping_status":"open","sticky":false,"template":"","format":"standard","meta":[],"categories":[59],"tags":[],"_links":{"self":[{"href":"http:\/\/noticiastelered.com\/PortalDNoticias\/wp-json\/wp\/v2\/posts\/47991"}],"collection":[{"href":"http:\/\/noticiastelered.com\/PortalDNoticias\/wp-json\/wp\/v2\/posts"}],"about":[{"href":"http:\/\/noticiastelered.com\/PortalDNoticias\/wp-json\/wp\/v2\/types\/post"}],"author":[{"embeddable":true,"href":"http:\/\/noticiastelered.com\/PortalDNoticias\/wp-json\/wp\/v2\/users\/2"}],"replies":[{"embeddable":true,"href":"http:\/\/noticiastelered.com\/PortalDNoticias\/wp-json\/wp\/v2\/comments?post=47991"}],"version-history":[{"count":1,"href":"http:\/\/noticiastelered.com\/PortalDNoticias\/wp-json\/wp\/v2\/posts\/47991\/revisions"}],"predecessor-version":[{"id":47994,"href":"http:\/\/noticiastelered.com\/PortalDNoticias\/wp-json\/wp\/v2\/posts\/47991\/revisions\/47994"}],"wp:featuredmedia":[{"embeddable":true,"href":"http:\/\/noticiastelered.com\/PortalDNoticias\/wp-json\/wp\/v2\/media\/47993"}],"wp:attachment":[{"href":"http:\/\/noticiastelered.com\/PortalDNoticias\/wp-json\/wp\/v2\/media?parent=47991"}],"wp:term":[{"taxonomy":"category","embeddable":true,"href":"http:\/\/noticiastelered.com\/PortalDNoticias\/wp-json\/wp\/v2\/categories?post=47991"},{"taxonomy":"post_tag","embeddable":true,"href":"http:\/\/noticiastelered.com\/PortalDNoticias\/wp-json\/wp\/v2\/tags?post=47991"}],"curies":[{"name":"wp","href":"https:\/\/api.w.org\/{rel}","templated":true}]}}