{"id":47983,"date":"2022-05-05T15:44:10","date_gmt":"2022-05-05T15:44:10","guid":{"rendered":"http:\/\/noticiastelered.com\/PortalDNoticias\/?p=47983"},"modified":"2022-05-05T15:44:10","modified_gmt":"2022-05-05T15:44:10","slug":"xi-marcha-de-la-dignidad-nacional-madres-buscando-a-sus-hijos-e-hijas-verdad-y-justicia","status":"publish","type":"post","link":"http:\/\/noticiastelered.com\/PortalDNoticias\/xi-marcha-de-la-dignidad-nacional-madres-buscando-a-sus-hijos-e-hijas-verdad-y-justicia\/","title":{"rendered":"XI Marcha de la Dignidad Nacional, Madres buscando a sus hijos e hijas, Verdad y Justicia"},"content":{"rendered":"\n<p><strong><em>-Madres de desaparecidos por la Marina y Sedena en Nuevo Laredo, participar\u00e1n esta marcha, buscan apoyo de colectivos nacionales.<\/em><\/strong><\/p>\n\n\n\n<p>Por: Indicio Noticias Mx.<\/p>\n\n\n\n<p>CDMX.- Este pr\u00f3ximo 10 de mayo, diversos colectivos a nivel nacional, est\u00e1n convocando a sumarse a la XI Marcha de la Dignidad Nacional, Madres buscando a sus hijos e hijas, Verdad y Justicia.<\/p>\n\n\n\n<p>Despu\u00e9s de dos a\u00f1os de incertidumbre ante una pandemia que azot\u00f3 de distintas maneras, colectivos contin\u00faan haci\u00e9ndole frente a la otra pandemia que es la desaparici\u00f3n y que ha dejado graves lesiones en el alma, familiares a pesar de ello, se han levantado para continuar caminando, recorriendo, gritando y principalmente buscando.<\/p>\n\n\n\n<p>Madres de desaparecidos por la Marina y Sedena en Nuevo Laredo, participar\u00e1n en esta marcha, a fin de buscar apoyo de diversos colectivos, con el objetivo de que autoridades federales aceleren las b\u00fasquedas e investigaciones de sus seres queridos.<\/p>\n\n\n\n<p>En esta marcha tambi\u00e9n se han unido colectivos y familiares de El Salvador, Guatemala, Honduras, Nicaragua, Hait\u00ed, Venezuela, Colombia que tambi\u00e9n piden encontrar a sus seres queridos desaparecidos aqu\u00ed en M\u00e9xico.<\/p>\n\n\n\n<p>La XI Marcha de la Dignidad Nacional, Madres buscando a sus hijos e hijas, Verdad y Justicia invitan a la poblaci\u00f3n en general a efectuarse el pr\u00f3ximo 10 de mayo, partiendo del Monumento a la Madre a las 10:00 de la ma\u00f1ana concluyendo en el \u00c1ngel de la Independencia en la Ciudad de M\u00e9xico.<\/p>\n\n\n\n<p>Colectivos buscan seguir unidos, ante el incremento de la violencia, la desaparici\u00f3n de miles, pero, sobre todo, ante la inoperancia del Estado Mexicano, que bien retrata el reci\u00e9n informe del Comit\u00e9 contra las Desapariciones Forzadas de la ONU.<\/p>\n\n\n\n<p>Al decir que la desaparici\u00f3n es el paradigma de un crimen perfecto en el pa\u00eds y que es<br>impostergable la lucha contra la impunidad, principal factor por el que se repite esta grave<br>violaci\u00f3n de derechos humanos.<\/p>\n","protected":false},"excerpt":{"rendered":"<p>-Madres de desaparecidos por la Marina y Sedena en Nuevo Laredo, participar\u00e1n esta marcha, buscan apoyo de colectivos nacionales. Por: Indicio Noticias Mx. CDMX.- Este pr\u00f3ximo 10 de mayo, diversos colectivos a nivel nacional, est\u00e1n convocando a sumarse a la [&hellip;]<\/p>\n","protected":false},"author":2,"featured_media":47985,"comment_status":"open","ping_status":"open","sticky":false,"template":"","format":"standard","meta":[],"categories":[77],"tags":[],"_links":{"self":[{"href":"http:\/\/noticiastelered.com\/PortalDNoticias\/wp-json\/wp\/v2\/posts\/47983"}],"collection":[{"href":"http:\/\/noticiastelered.com\/PortalDNoticias\/wp-json\/wp\/v2\/posts"}],"about":[{"href":"http:\/\/noticiastelered.com\/PortalDNoticias\/wp-json\/wp\/v2\/types\/post"}],"author":[{"embeddable":true,"href":"http:\/\/noticiastelered.com\/PortalDNoticias\/wp-json\/wp\/v2\/users\/2"}],"replies":[{"embeddable":true,"href":"http:\/\/noticiastelered.com\/PortalDNoticias\/wp-json\/wp\/v2\/comments?post=47983"}],"version-history":[{"count":1,"href":"http:\/\/noticiastelered.com\/PortalDNoticias\/wp-json\/wp\/v2\/posts\/47983\/revisions"}],"predecessor-version":[{"id":47986,"href":"http:\/\/noticiastelered.com\/PortalDNoticias\/wp-json\/wp\/v2\/posts\/47983\/revisions\/47986"}],"wp:featuredmedia":[{"embeddable":true,"href":"http:\/\/noticiastelered.com\/PortalDNoticias\/wp-json\/wp\/v2\/media\/47985"}],"wp:attachment":[{"href":"http:\/\/noticiastelered.com\/PortalDNoticias\/wp-json\/wp\/v2\/media?parent=47983"}],"wp:term":[{"taxonomy":"category","embeddable":true,"href":"http:\/\/noticiastelered.com\/PortalDNoticias\/wp-json\/wp\/v2\/categories?post=47983"},{"taxonomy":"post_tag","embeddable":true,"href":"http:\/\/noticiastelered.com\/PortalDNoticias\/wp-json\/wp\/v2\/tags?post=47983"}],"curies":[{"name":"wp","href":"https:\/\/api.w.org\/{rel}","templated":true}]}}