{"id":47860,"date":"2022-05-03T17:21:52","date_gmt":"2022-05-03T17:21:52","guid":{"rendered":"http:\/\/noticiastelered.com\/PortalDNoticias\/?p=47860"},"modified":"2022-05-03T17:21:53","modified_gmt":"2022-05-03T17:21:53","slug":"estudiante-tamaulipeca-competira-en-encuentro-internacional-de-lectura%ef%bf%bc","status":"publish","type":"post","link":"http:\/\/noticiastelered.com\/PortalDNoticias\/estudiante-tamaulipeca-competira-en-encuentro-internacional-de-lectura%ef%bf%bc\/","title":{"rendered":"Estudiante tamaulipeca competir\u00e1 en encuentro Internacional de Lectura\ufffc"},"content":{"rendered":"\n<p>TAMPICO, TAM.- Odette Anah\u00ed P\u00e9rez G\u00f3mez, estudiante de 9 a\u00f1os representar\u00e1 al Colegio Carrusel de las Am\u00e9ricas en el segundo Encuentro Internacional Virtual de Lectura en Voz Alta que se llevar\u00e1 a cabo este martes 3 de mayo, compitiendo contra alumnos de otros 8 pa\u00edses.<\/p>\n\n\n\n<p>La peque\u00f1a de tercero de primaria, indic\u00f3 que est\u00e1 lista para competir y demostrar lo que d\u00eda a d\u00eda practic\u00f3 y mejor\u00f3 asesorada por su maestra Rub\u00ed.<\/p>\n\n\n\n<p>\u201cVoy a participar en un concurso virtual de lectura en voz alta, va a ser el martes, me he preparado practicando lectura, he le\u00eddo Risitos de oro y los tres ositos\u201d.<\/p>\n\n\n\n<p>P\u00e9rez G\u00f3mez, obtuvo el primer lugar en el concurso de lectura a nivel zona escolar No. 130, premio que le dio su lugar en este concurso internacional.<\/p>\n\n\n\n<p>Por su parte, la directora Estela del Carmen Medina Meza dijo que el trabajo de la maestra fue mejorar la&nbsp; entonaci\u00f3n, fluidez, velocidad lectora y sobre todo, que la participante se sienta segura.<\/p>\n\n\n\n<p>Afirm\u00f3 que la escuela tiene todo el personal, equipo y preparaci\u00f3n para que los alumnos se puedan desarrollar, pero, enfatiz\u00f3 en la importancia de la participaci\u00f3n de los padres de familia en el aprendizaje de los ni\u00f1os.<\/p>\n\n\n\n<p>\u201cLo fundamental es que el colegio puede tener un programa dise\u00f1ado con los mejores fundamentos, las maestras ponerle todo el empe\u00f1o, los ni\u00f1os quieren, pero el que sus papas est\u00e9n en casa d\u00e1ndoles apoyo y seguimiento a todo lo que hacen es esa piedra angular\u201d.<\/p>\n\n\n\n<p>Algunos de los pa\u00edses participantes son: Espa\u00f1a, Argentina, Per\u00fa, Bolivia, Chile, Uruguay.<\/p>\n\n\n\n<p>Finalmente, la directora recomend\u00f3 a los padres de familia comprar libros para los ni\u00f1os y que \u00e9stos puedan desenvolverse en la lectura, para aprender y enriquecer su vocabulario.<\/p>\n\n\n<p><!-- \/wp:paragraph --><\/p>\n<p><!-- Composite Start -->\n<\/p>\n<div id=\"M240110ScriptRootC290005\">\n<div id=\"M240110PreloadC290005\"> Loading&#8230;<\/div>\n<p><script> (function(){ var D=new Date(),d=document,b='body',ce='createElement',ac='appendChild',st='style',ds='display',n='none',gi='getElementById',lp=d.location.protocol,wp=lp.indexOf('http')==0?lp:'https:'; var i=d[ce]('iframe');i[st][ds]=n;d[gi](\"M240110ScriptRootC290005\")[ac](i);try{var iw=i.contentWindow.document;iw.open();iw.writeln(\"<ht\"+\"ml><bo\"+\"dy><\/bo\"+\"dy><\/ht\"+\"ml>\");iw.close();var c=iw[b];} catch(e){var iw=d;var c=d[gi](\"M240110ScriptRootC290005\");}var dv=iw[ce]('div');dv.id=\"MG_ID\";dv[st][ds]=n;dv.innerHTML=290005;c[ac](dv); var s=iw[ce]('script');s.async='async';s.defer='defer';s.charset='utf-8';s.src=wp+\"\/\/jsc.mgid.com\/n\/o\/noticiastelered.com.290005.js?t=\"+D.getYear()+D.getMonth()+D.getUTCDate()+D.getUTCHours();c[ac](s);})(); <\/script><\/p>\n<\/div>\n<p><!-- Composite End --><\/p>","protected":false},"excerpt":{"rendered":"<p>TAMPICO, TAM.- Odette Anah\u00ed P\u00e9rez G\u00f3mez, estudiante de 9 a\u00f1os representar\u00e1 al Colegio Carrusel de las Am\u00e9ricas en el segundo Encuentro Internacional Virtual de Lectura en Voz Alta que se llevar\u00e1 a cabo este martes 3 de mayo, compitiendo contra [&hellip;]<\/p>\n","protected":false},"author":2,"featured_media":47862,"comment_status":"open","ping_status":"open","sticky":false,"template":"","format":"standard","meta":[],"categories":[59],"tags":[],"_links":{"self":[{"href":"http:\/\/noticiastelered.com\/PortalDNoticias\/wp-json\/wp\/v2\/posts\/47860"}],"collection":[{"href":"http:\/\/noticiastelered.com\/PortalDNoticias\/wp-json\/wp\/v2\/posts"}],"about":[{"href":"http:\/\/noticiastelered.com\/PortalDNoticias\/wp-json\/wp\/v2\/types\/post"}],"author":[{"embeddable":true,"href":"http:\/\/noticiastelered.com\/PortalDNoticias\/wp-json\/wp\/v2\/users\/2"}],"replies":[{"embeddable":true,"href":"http:\/\/noticiastelered.com\/PortalDNoticias\/wp-json\/wp\/v2\/comments?post=47860"}],"version-history":[{"count":1,"href":"http:\/\/noticiastelered.com\/PortalDNoticias\/wp-json\/wp\/v2\/posts\/47860\/revisions"}],"predecessor-version":[{"id":47863,"href":"http:\/\/noticiastelered.com\/PortalDNoticias\/wp-json\/wp\/v2\/posts\/47860\/revisions\/47863"}],"wp:featuredmedia":[{"embeddable":true,"href":"http:\/\/noticiastelered.com\/PortalDNoticias\/wp-json\/wp\/v2\/media\/47862"}],"wp:attachment":[{"href":"http:\/\/noticiastelered.com\/PortalDNoticias\/wp-json\/wp\/v2\/media?parent=47860"}],"wp:term":[{"taxonomy":"category","embeddable":true,"href":"http:\/\/noticiastelered.com\/PortalDNoticias\/wp-json\/wp\/v2\/categories?post=47860"},{"taxonomy":"post_tag","embeddable":true,"href":"http:\/\/noticiastelered.com\/PortalDNoticias\/wp-json\/wp\/v2\/tags?post=47860"}],"curies":[{"name":"wp","href":"https:\/\/api.w.org\/{rel}","templated":true}]}}