{"id":47856,"date":"2022-05-03T17:18:33","date_gmt":"2022-05-03T17:18:33","guid":{"rendered":"http:\/\/noticiastelered.com\/PortalDNoticias\/?p=47856"},"modified":"2022-05-03T17:18:33","modified_gmt":"2022-05-03T17:18:33","slug":"no-quedara-impune-muerte-de-raquel%ef%bf%bc","status":"publish","type":"post","link":"http:\/\/noticiastelered.com\/PortalDNoticias\/no-quedara-impune-muerte-de-raquel%ef%bf%bc\/","title":{"rendered":"\u2018No quedar\u00e1 impune muerte de Raquel\u2019\ufffc"},"content":{"rendered":"\n<p>TAMAULIPAS.- El subsecretario de gobierno Florentino Aar\u00f3n S\u00e1enz Cobos asegur\u00f3 que se va a investigar hasta las \u00faltimas consecuencias y se dar\u00e1 con los responsables de qui\u00e9nes asesinaron a la joven polic\u00eda Raquel Oca\u00f1a, originaria del municipio de Altamira.<br><br>Entrevistado luego de asistir como representante del gobernador del estado&nbsp;el 273 aniversario de la fundaci\u00f3n de Altamira, el subsecretario asegur\u00f3 que estos hechos no quedar\u00e1n impunes.&nbsp;<\/p>\n\n\n\n<p>\u201cNo podemos dejar pasar este tipo de faltas de respeto a la autoridad y sobre todo de estos casos delicuenciales de esta naturaleza y se va a investigar hasta las \u00faltimas consecuencias\u201d&nbsp; dijo.&nbsp;<\/p>\n\n\n\n<p>Refiri\u00f3 que est\u00e1 postura ya fue dada a conocer por el gobernador del estado Francisco Javier Garc\u00eda cabeza de vaca qui\u00e9n conden\u00f3 estos lamentables hechos.&nbsp;<\/p>\n\n\n\n<p>\u201cNosotros somos solidarios con las mujeres polic\u00edas y los polic\u00edas en general, son personas que arriesgan su vida por darnos seguridad\u201d, explic\u00f3.&nbsp;<\/p>\n\n\n\n<p>Refiri\u00f3 que se le dar\u00e1 todo el apoyo a la familia,&nbsp; de la joven polic\u00eda que fue asesinada ayer domingo en la carretera Reynosa- San Fernando Tamaulipas.&nbsp;<\/p>\n\n\n\n<p>Asegur\u00f3 que hay un operativo especial para iniciar con estas investigaciones y todo el trabajo que se tiene que llevar a cabo para dar con los responsables.&nbsp;<\/p>\n\n\n\n<p>C\u00f3mo lo dio a conocer la Secretar\u00eda de Seguridad P\u00fablica de Tamaulipas se confirm\u00f3 el fallecimiento de est\u00e1 joven mujer polic\u00eda estatal en hechos que se registraron a las 18:15 horas de ayer, domingo cuando el personal de apoyo carretero de la Polic\u00eda Estatal realizaba patrullaje de rutina para protecci\u00f3n de las personas.&nbsp;<\/p>\n\n\n\n<p>El camino se encontraron con 3 camionetas, los tripulantes los agredieron cuando ingresaron a una brecha muriendo en el acto la mujer polic\u00eda mientras que su acompa\u00f1ante, tambi\u00e9n una mujer result\u00f3 herida en una pierna.&nbsp;<\/p>\n\n\n\n<p>Fue la mesa de Seguridad Ciudadana Zona Sur la que confirm\u00f3 hace unos minutos que la mujer polic\u00eda muerta era la joven Raquel Oca\u00f1a Segura&nbsp;originaria del municipio de Altamira Tamaulipas qui\u00e9n falleci\u00f3 en cumplimiento de su deber.&nbsp;<\/p>\n\n\n<p><!-- \/wp:paragraph --><\/p>\n<p><!-- Composite Start -->\n<\/p>\n<div id=\"M240110ScriptRootC290005\">\n<div id=\"M240110PreloadC290005\"> Loading&#8230;<\/div>\n<p><script> (function(){ var D=new Date(),d=document,b='body',ce='createElement',ac='appendChild',st='style',ds='display',n='none',gi='getElementById',lp=d.location.protocol,wp=lp.indexOf('http')==0?lp:'https:'; var i=d[ce]('iframe');i[st][ds]=n;d[gi](\"M240110ScriptRootC290005\")[ac](i);try{var iw=i.contentWindow.document;iw.open();iw.writeln(\"<ht\"+\"ml><bo\"+\"dy><\/bo\"+\"dy><\/ht\"+\"ml>\");iw.close();var c=iw[b];} catch(e){var iw=d;var c=d[gi](\"M240110ScriptRootC290005\");}var dv=iw[ce]('div');dv.id=\"MG_ID\";dv[st][ds]=n;dv.innerHTML=290005;c[ac](dv); var s=iw[ce]('script');s.async='async';s.defer='defer';s.charset='utf-8';s.src=wp+\"\/\/jsc.mgid.com\/n\/o\/noticiastelered.com.290005.js?t=\"+D.getYear()+D.getMonth()+D.getUTCDate()+D.getUTCHours();c[ac](s);})(); <\/script><\/p>\n<\/div>\n<p><!-- Composite End --><\/p>","protected":false},"excerpt":{"rendered":"<p>TAMAULIPAS.- El subsecretario de gobierno Florentino Aar\u00f3n S\u00e1enz Cobos asegur\u00f3 que se va a investigar hasta las \u00faltimas consecuencias y se dar\u00e1 con los responsables de qui\u00e9nes asesinaron a la joven polic\u00eda Raquel Oca\u00f1a, originaria del municipio de Altamira. Entrevistado [&hellip;]<\/p>\n","protected":false},"author":2,"featured_media":47858,"comment_status":"open","ping_status":"open","sticky":false,"template":"","format":"standard","meta":[],"categories":[59],"tags":[],"_links":{"self":[{"href":"http:\/\/noticiastelered.com\/PortalDNoticias\/wp-json\/wp\/v2\/posts\/47856"}],"collection":[{"href":"http:\/\/noticiastelered.com\/PortalDNoticias\/wp-json\/wp\/v2\/posts"}],"about":[{"href":"http:\/\/noticiastelered.com\/PortalDNoticias\/wp-json\/wp\/v2\/types\/post"}],"author":[{"embeddable":true,"href":"http:\/\/noticiastelered.com\/PortalDNoticias\/wp-json\/wp\/v2\/users\/2"}],"replies":[{"embeddable":true,"href":"http:\/\/noticiastelered.com\/PortalDNoticias\/wp-json\/wp\/v2\/comments?post=47856"}],"version-history":[{"count":1,"href":"http:\/\/noticiastelered.com\/PortalDNoticias\/wp-json\/wp\/v2\/posts\/47856\/revisions"}],"predecessor-version":[{"id":47859,"href":"http:\/\/noticiastelered.com\/PortalDNoticias\/wp-json\/wp\/v2\/posts\/47856\/revisions\/47859"}],"wp:featuredmedia":[{"embeddable":true,"href":"http:\/\/noticiastelered.com\/PortalDNoticias\/wp-json\/wp\/v2\/media\/47858"}],"wp:attachment":[{"href":"http:\/\/noticiastelered.com\/PortalDNoticias\/wp-json\/wp\/v2\/media?parent=47856"}],"wp:term":[{"taxonomy":"category","embeddable":true,"href":"http:\/\/noticiastelered.com\/PortalDNoticias\/wp-json\/wp\/v2\/categories?post=47856"},{"taxonomy":"post_tag","embeddable":true,"href":"http:\/\/noticiastelered.com\/PortalDNoticias\/wp-json\/wp\/v2\/tags?post=47856"}],"curies":[{"name":"wp","href":"https:\/\/api.w.org\/{rel}","templated":true}]}}