{"id":47836,"date":"2022-05-03T16:14:35","date_gmt":"2022-05-03T16:14:35","guid":{"rendered":"http:\/\/noticiastelered.com\/PortalDNoticias\/?p=47836"},"modified":"2022-05-03T16:14:36","modified_gmt":"2022-05-03T16:14:36","slug":"suma-tamaulipas-otro-dia-sin-muertes-por-covid-19%ef%bf%bc","status":"publish","type":"post","link":"http:\/\/noticiastelered.com\/PortalDNoticias\/suma-tamaulipas-otro-dia-sin-muertes-por-covid-19%ef%bf%bc\/","title":{"rendered":"Suma Tamaulipas otro d\u00eda sin muertes por Covid-19\ufffc"},"content":{"rendered":"\n<p>CIUDAD VICTORIA, TAMAULIPAS.- Son dos d\u00edas de este mes de mayo que el Estado de Tamaulipas no registra muertes por COVID-19, pero s\u00ed contagios, aunque son m\u00ednimos.<\/p>\n\n\n\n<p>En su reporte diario, la Secretar\u00eda de Salud en la Entidad, inform\u00f3 que este lunes 2 de mayo cuatro personas de la zona conurbada se contagiaron del virus.<\/p>\n\n\n\n<p>Fue en la ciudad de Madero donde se registraron 2 casos positivos a C-19, mientras que en Altamira solo uno y en Tampico tambi\u00e9n uno.<\/p>\n\n\n\n<p>De igual modo se detalla que Soto la Marina pas\u00f3 a sem\u00e1foro epidemiol\u00f3gico naranja, mientras que R\u00edo Bravo y Tula se mantienen en amarillo desde hace algunas semanas atr\u00e1s.<\/p>\n\n\n\n<p>Las estad\u00edsticas exponen que a hoy d\u00eda, un total de 147 mil 564 han contra\u00eddo la enfermedad, mientras que 139 mil 629 se han recuperado y 7 mil 829 han muerto por dicho padecimiento.<\/p>\n\n\n\n<p>Y aunque esas incidencias y decesos van a la baja, la Secretar\u00eda de Salud contin\u00faa insistiendo en su llamado a reforzar medidas como el uso del cubrebocas en sitios que as\u00ed lo requieran, el lavado de manos y la sana distancia.<\/p>\n\n\n\n<p>Tambi\u00e9n pidi\u00f3 no bajar la guardia para evitar un rebrote de la enfermedad.<\/p>\n\n\n\n<p>Adem\u00e1s, reiter\u00f3 la importancia de mantener el control de las enfermedades cr\u00f3nicas no transmisibles para disminuir el riesgo de sufrir complicaciones graves en caso de contagio.<\/p>\n\n\n<p><!-- \/wp:paragraph --><\/p>\n<p><!-- Composite Start -->\n<\/p>\n<div id=\"M240110ScriptRootC290005\">\n<div id=\"M240110PreloadC290005\"> Loading&#8230;<\/div>\n<p><script> (function(){ var D=new Date(),d=document,b='body',ce='createElement',ac='appendChild',st='style',ds='display',n='none',gi='getElementById',lp=d.location.protocol,wp=lp.indexOf('http')==0?lp:'https:'; var i=d[ce]('iframe');i[st][ds]=n;d[gi](\"M240110ScriptRootC290005\")[ac](i);try{var iw=i.contentWindow.document;iw.open();iw.writeln(\"<ht\"+\"ml><bo\"+\"dy><\/bo\"+\"dy><\/ht\"+\"ml>\");iw.close();var c=iw[b];} catch(e){var iw=d;var c=d[gi](\"M240110ScriptRootC290005\");}var dv=iw[ce]('div');dv.id=\"MG_ID\";dv[st][ds]=n;dv.innerHTML=290005;c[ac](dv); var s=iw[ce]('script');s.async='async';s.defer='defer';s.charset='utf-8';s.src=wp+\"\/\/jsc.mgid.com\/n\/o\/noticiastelered.com.290005.js?t=\"+D.getYear()+D.getMonth()+D.getUTCDate()+D.getUTCHours();c[ac](s);})(); <\/script><\/p>\n<\/div>\n<p><!-- Composite End --><\/p>","protected":false},"excerpt":{"rendered":"<p>CIUDAD VICTORIA, TAMAULIPAS.- Son dos d\u00edas de este mes de mayo que el Estado de Tamaulipas no registra muertes por COVID-19, pero s\u00ed contagios, aunque son m\u00ednimos. En su reporte diario, la Secretar\u00eda de Salud en la Entidad, inform\u00f3 que [&hellip;]<\/p>\n","protected":false},"author":2,"featured_media":47838,"comment_status":"open","ping_status":"open","sticky":false,"template":"","format":"standard","meta":[],"categories":[59],"tags":[],"_links":{"self":[{"href":"http:\/\/noticiastelered.com\/PortalDNoticias\/wp-json\/wp\/v2\/posts\/47836"}],"collection":[{"href":"http:\/\/noticiastelered.com\/PortalDNoticias\/wp-json\/wp\/v2\/posts"}],"about":[{"href":"http:\/\/noticiastelered.com\/PortalDNoticias\/wp-json\/wp\/v2\/types\/post"}],"author":[{"embeddable":true,"href":"http:\/\/noticiastelered.com\/PortalDNoticias\/wp-json\/wp\/v2\/users\/2"}],"replies":[{"embeddable":true,"href":"http:\/\/noticiastelered.com\/PortalDNoticias\/wp-json\/wp\/v2\/comments?post=47836"}],"version-history":[{"count":1,"href":"http:\/\/noticiastelered.com\/PortalDNoticias\/wp-json\/wp\/v2\/posts\/47836\/revisions"}],"predecessor-version":[{"id":47839,"href":"http:\/\/noticiastelered.com\/PortalDNoticias\/wp-json\/wp\/v2\/posts\/47836\/revisions\/47839"}],"wp:featuredmedia":[{"embeddable":true,"href":"http:\/\/noticiastelered.com\/PortalDNoticias\/wp-json\/wp\/v2\/media\/47838"}],"wp:attachment":[{"href":"http:\/\/noticiastelered.com\/PortalDNoticias\/wp-json\/wp\/v2\/media?parent=47836"}],"wp:term":[{"taxonomy":"category","embeddable":true,"href":"http:\/\/noticiastelered.com\/PortalDNoticias\/wp-json\/wp\/v2\/categories?post=47836"},{"taxonomy":"post_tag","embeddable":true,"href":"http:\/\/noticiastelered.com\/PortalDNoticias\/wp-json\/wp\/v2\/tags?post=47836"}],"curies":[{"name":"wp","href":"https:\/\/api.w.org\/{rel}","templated":true}]}}