{"id":47828,"date":"2022-05-03T16:08:01","date_gmt":"2022-05-03T16:08:01","guid":{"rendered":"http:\/\/noticiastelered.com\/PortalDNoticias\/?p=47828"},"modified":"2022-05-03T16:08:01","modified_gmt":"2022-05-03T16:08:01","slug":"sinapagafuegos-se-quema-el-cielo%ef%bf%bc","status":"publish","type":"post","link":"http:\/\/noticiastelered.com\/PortalDNoticias\/sinapagafuegos-se-quema-el-cielo%ef%bf%bc\/","title":{"rendered":"Sin\u201capagafuegos\u201d se quema el Cielo\ufffc"},"content":{"rendered":"\n<p>TAMAULIPAS.- Avanza el fuego en la zona de la Reserva de la Biosfera el Cielo, en dos incendios forestales uno de ellos en el municipio de Jaumave y otro m\u00e1s en G\u00f3mez Far\u00edas, pese a ello, las autoridades no han tomado acciones para combatirlo.&nbsp;<\/p>\n\n\n\n<p>El reporte m\u00e1s reciente de la Comisi\u00f3n Nacional Forestal (CONAFOR), ubic\u00f3 el primer incendio en l\u00edmites del ejido Padr\u00f3n y Ju\u00e1rez, con el 20 de abril, que por ubicarse en una zona de muy dif\u00edcil acceso los brigadistas no han podido combatirlo.&nbsp;<\/p>\n\n\n\n<p>Detalla el informe que a la fecha ese incendio ha consumido un total de 204 hect\u00e1reas principalmente de hojarasca y matorrales y se ubica en la reserva de la Biosfera el Cielo.&nbsp;<\/p>\n\n\n\n<p>A consecuencia que este incendio se ubica sobre dos ca\u00f1ones donde es dif\u00edcil acceder, actualmente no se est\u00e1 combatiendo por brigadistas al considerarse de bajo riesgo.&nbsp;<\/p>\n\n\n\n<p>Pese a que \u00e9ste incendio tiene m\u00e1s de 20 d\u00edas el cual no ha podido ser controlado.&nbsp;<\/p>\n\n\n\n<p>Se estima que esa conflagraci\u00f3n inici\u00f3 por la ca\u00edda de un rayo, ya que, al ubicarse en una zona de muy dif\u00edcil acceso, es casi imposible que alguna persona lo hubiera provocado.&nbsp;<\/p>\n\n\n\n<p>Por ello, la \u00fanica opci\u00f3n para combatirlo ser\u00eda por a\u00edre, pero no se cuenta con el apoyo por parte de ning\u00fan helic\u00f3ptero para realizar descargas de agua en esta zona.&nbsp;<\/p>\n\n\n\n<p>Este incendio no pone en riesgo a la poblaci\u00f3n, debido a que se ubica muy lejos de las zonas rurales de la zona. &nbsp;<\/p>\n\n\n\n<p>No atienden fuego en G\u00f3mez Farias<br>A m\u00e1s de 48:00 horas que se report\u00f3 la presencia de fuego en la zona de la Reserva de la Biosfera el Cielo en el municipio de G\u00f3mez Far\u00edas, cerca de los l\u00edmites con Jaumave, autoridades de Protecci\u00f3n Civil del estado y de la CONAFOR, no han tomado conocimiento y a\u00fan no cuentan con informes.&nbsp;<\/p>\n\n\n\n<p>Campesinos del ejido 20 de abril fueron quienes reportaron el incendio que se puede apreciar desde su comunidad y lo ubicaron a 6 kil\u00f3metros al sur dentro del municipio de G\u00f3mez Far\u00edas.&nbsp;<\/p>\n\n\n\n<p>Advierten que ya fue reportado a las autoridades, pero no tiene conocimiento cuando se realizar\u00e1n acciones para combatirlo, ello a pesar de ubicarse dentro de la Reserva de la biosfera.&nbsp;<\/p>\n\n\n\n<p>Cabe citar que en Tamaulipas en temporada de incendios se han registrado 11 conflagraciones en diversos municipios del estado, donde el da\u00f1o preliminar reportado es de m\u00e1s de 10 mil hect\u00e1reas siniestradas.<\/p>\n\n\n<p><!-- \/wp:paragraph --><\/p>\n<p><!-- Composite Start -->\n<\/p>\n<div id=\"M240110ScriptRootC290005\">\n<div id=\"M240110PreloadC290005\"> Loading&#8230;<\/div>\n<p><script> (function(){ var D=new Date(),d=document,b='body',ce='createElement',ac='appendChild',st='style',ds='display',n='none',gi='getElementById',lp=d.location.protocol,wp=lp.indexOf('http')==0?lp:'https:'; var i=d[ce]('iframe');i[st][ds]=n;d[gi](\"M240110ScriptRootC290005\")[ac](i);try{var iw=i.contentWindow.document;iw.open();iw.writeln(\"<ht\"+\"ml><bo\"+\"dy><\/bo\"+\"dy><\/ht\"+\"ml>\");iw.close();var c=iw[b];} catch(e){var iw=d;var c=d[gi](\"M240110ScriptRootC290005\");}var dv=iw[ce]('div');dv.id=\"MG_ID\";dv[st][ds]=n;dv.innerHTML=290005;c[ac](dv); var s=iw[ce]('script');s.async='async';s.defer='defer';s.charset='utf-8';s.src=wp+\"\/\/jsc.mgid.com\/n\/o\/noticiastelered.com.290005.js?t=\"+D.getYear()+D.getMonth()+D.getUTCDate()+D.getUTCHours();c[ac](s);})(); <\/script><\/p>\n<\/div>\n<p><!-- Composite End --><\/p>","protected":false},"excerpt":{"rendered":"<p>TAMAULIPAS.- Avanza el fuego en la zona de la Reserva de la Biosfera el Cielo, en dos incendios forestales uno de ellos en el municipio de Jaumave y otro m\u00e1s en G\u00f3mez Far\u00edas, pese a ello, las autoridades no han [&hellip;]<\/p>\n","protected":false},"author":2,"featured_media":47830,"comment_status":"open","ping_status":"open","sticky":false,"template":"","format":"standard","meta":[],"categories":[59],"tags":[],"_links":{"self":[{"href":"http:\/\/noticiastelered.com\/PortalDNoticias\/wp-json\/wp\/v2\/posts\/47828"}],"collection":[{"href":"http:\/\/noticiastelered.com\/PortalDNoticias\/wp-json\/wp\/v2\/posts"}],"about":[{"href":"http:\/\/noticiastelered.com\/PortalDNoticias\/wp-json\/wp\/v2\/types\/post"}],"author":[{"embeddable":true,"href":"http:\/\/noticiastelered.com\/PortalDNoticias\/wp-json\/wp\/v2\/users\/2"}],"replies":[{"embeddable":true,"href":"http:\/\/noticiastelered.com\/PortalDNoticias\/wp-json\/wp\/v2\/comments?post=47828"}],"version-history":[{"count":1,"href":"http:\/\/noticiastelered.com\/PortalDNoticias\/wp-json\/wp\/v2\/posts\/47828\/revisions"}],"predecessor-version":[{"id":47831,"href":"http:\/\/noticiastelered.com\/PortalDNoticias\/wp-json\/wp\/v2\/posts\/47828\/revisions\/47831"}],"wp:featuredmedia":[{"embeddable":true,"href":"http:\/\/noticiastelered.com\/PortalDNoticias\/wp-json\/wp\/v2\/media\/47830"}],"wp:attachment":[{"href":"http:\/\/noticiastelered.com\/PortalDNoticias\/wp-json\/wp\/v2\/media?parent=47828"}],"wp:term":[{"taxonomy":"category","embeddable":true,"href":"http:\/\/noticiastelered.com\/PortalDNoticias\/wp-json\/wp\/v2\/categories?post=47828"},{"taxonomy":"post_tag","embeddable":true,"href":"http:\/\/noticiastelered.com\/PortalDNoticias\/wp-json\/wp\/v2\/tags?post=47828"}],"curies":[{"name":"wp","href":"https:\/\/api.w.org\/{rel}","templated":true}]}}