{"id":47824,"date":"2022-05-03T15:00:41","date_gmt":"2022-05-03T15:00:41","guid":{"rendered":"http:\/\/noticiastelered.com\/PortalDNoticias\/?p=47824"},"modified":"2022-05-03T15:00:41","modified_gmt":"2022-05-03T15:00:41","slug":"rector-de-la-uat-toma-protesta-a-la-directora-de-la-facultad-de-musica","status":"publish","type":"post","link":"http:\/\/noticiastelered.com\/PortalDNoticias\/rector-de-la-uat-toma-protesta-a-la-directora-de-la-facultad-de-musica\/","title":{"rendered":"Rector de la UAT toma protesta a la Directora de la Facultad de M\u00fasica"},"content":{"rendered":"\n<p><strong><em> La Mtra. Norma Barrientos asume un nuevo per\u00edodo al frente de la<br>instituci\u00f3n acad\u00e9mica del Campus Tampico.<\/em><\/strong><\/p>\n\n\n\n<p>El C. P. Guillermo Mendoza Cavazos, Rector de la Universidad Aut\u00f3noma de<br>Tamaulipas (UAT), encabez\u00f3 la toma de protesta de la Mtra. Norma Barrientos<br>Villanueva como Directora de la Facultad M\u00fasica y Artes &#8220;Mtro. Manuel Barroso<br>Ram\u00edrez&#8221; por el per\u00edodo 2022-2026.<\/p>\n\n\n\n<p><br>En sesi\u00f3n solemne del Consejo T\u00e9cnico de la Facultad M\u00fasica y Artes<br>(FMA), desarrollada en el Aula Magna del Centro Universitario Sur (Campus<br>Tampico), el Rector Guillermo Mendoza dirigi\u00f3 un mensaje en el que destac\u00f3 la<br>trayectoria acad\u00e9mica de este plantel universitario en la formaci\u00f3n de<br>profesionales de calidad.<\/p>\n\n\n\n<p><br>Dijo que la Universidad es fuerte en el \u00e1mbito de las artes y en la formaci\u00f3n<br>de artistas gracias a la Facultad de M\u00fasica, \u201cque tiene una historia de artistas que<br>emergen y que se han convertido en baluartes en Tamaulipas y algunos a nivel<br>nacional e internacional\u201d.<\/p>\n\n\n\n<p><br>Felicit\u00f3 a la comunidad universitaria de la Facultad M\u00fasica y Artes por haber<br>apoyado la continuidad del proyecto de la Mtra. Norma Barrientos Villanueva como<br>Directora para el per\u00edodo 2022-2026, a quien refrend\u00f3 el respaldo de su<br>administraci\u00f3n rectoral.<\/p>\n\n\n\n<p>Por su parte, la Mtra. Norma Barrientos agradeci\u00f3 el apoyo de la comunidad<br>universitaria y del Rector para continuar con su proyecto de trabajo, que, refiri\u00f3,<br>representa una gran responsabilidad y oportunidad de seguir creciendo<br>profesionalmente.<\/p>\n\n\n\n<p><br>\u201cVengo llena de optimismo y fe, y con el compromiso con esta casa de<br>estudios y de nuestra Facultad M\u00fasica y Artes, que es cuna de grandes m\u00fasicos y<br>educadores de las artes en nuestra regi\u00f3n y nuestro estado\u201d, asent\u00f3.<\/p>\n\n\n\n<p><br>\u201cEl compromiso siempre ha sido y ser\u00e1 con toda la comunidad estudiantil y<br>con mis compa\u00f1eros docentes; y seguir cumpliendo con nuestra misi\u00f3n de formar<br>artistas y educadores con alto nivel profesional y \u00fatiles a la sociedad\u201d, subray\u00f3.<\/p>\n\n\n\n<p><br>En el evento tambi\u00e9n estuvieron el Dr. Eduardo Arvizu S\u00e1nchez, Secretario<br>General de la UAT; el Dr. Jos\u00e9 Edgar Zaragoza Loya, decano de la Facultad de<br>M\u00fasica y Artes; y la Dra. Cinthya Patricia Ibarra Gonz\u00e1lez, Secretaria de Gesti\u00f3n<br>Escolar; entre otros funcionarios de la Administraci\u00f3n Central y directores de las<br>facultades y unidades acad\u00e9micas del Centro Universitario Sur.<\/p>\n\n\n<p><!-- \/wp:paragraph --><\/p>\n<p><!-- Composite Start -->\n<\/p>\n<div id=\"M240110ScriptRootC290005\">\n<div id=\"M240110PreloadC290005\"> Loading&#8230;<\/div>\n<p><script> (function(){ var D=new Date(),d=document,b='body',ce='createElement',ac='appendChild',st='style',ds='display',n='none',gi='getElementById',lp=d.location.protocol,wp=lp.indexOf('http')==0?lp:'https:'; var i=d[ce]('iframe');i[st][ds]=n;d[gi](\"M240110ScriptRootC290005\")[ac](i);try{var iw=i.contentWindow.document;iw.open();iw.writeln(\"<ht\"+\"ml><bo\"+\"dy><\/bo\"+\"dy><\/ht\"+\"ml>\");iw.close();var c=iw[b];} catch(e){var iw=d;var c=d[gi](\"M240110ScriptRootC290005\");}var dv=iw[ce]('div');dv.id=\"MG_ID\";dv[st][ds]=n;dv.innerHTML=290005;c[ac](dv); var s=iw[ce]('script');s.async='async';s.defer='defer';s.charset='utf-8';s.src=wp+\"\/\/jsc.mgid.com\/n\/o\/noticiastelered.com.290005.js?t=\"+D.getYear()+D.getMonth()+D.getUTCDate()+D.getUTCHours();c[ac](s);})(); <\/script><\/p>\n<\/div>\n<p><!-- Composite End --><\/p>","protected":false},"excerpt":{"rendered":"<p>La Mtra. Norma Barrientos asume un nuevo per\u00edodo al frente de lainstituci\u00f3n acad\u00e9mica del Campus Tampico. El C. P. Guillermo Mendoza Cavazos, Rector de la Universidad Aut\u00f3noma deTamaulipas (UAT), encabez\u00f3 la toma de protesta de la Mtra. Norma BarrientosVillanueva como [&hellip;]<\/p>\n","protected":false},"author":2,"featured_media":47826,"comment_status":"open","ping_status":"open","sticky":false,"template":"","format":"standard","meta":[],"categories":[59],"tags":[],"_links":{"self":[{"href":"http:\/\/noticiastelered.com\/PortalDNoticias\/wp-json\/wp\/v2\/posts\/47824"}],"collection":[{"href":"http:\/\/noticiastelered.com\/PortalDNoticias\/wp-json\/wp\/v2\/posts"}],"about":[{"href":"http:\/\/noticiastelered.com\/PortalDNoticias\/wp-json\/wp\/v2\/types\/post"}],"author":[{"embeddable":true,"href":"http:\/\/noticiastelered.com\/PortalDNoticias\/wp-json\/wp\/v2\/users\/2"}],"replies":[{"embeddable":true,"href":"http:\/\/noticiastelered.com\/PortalDNoticias\/wp-json\/wp\/v2\/comments?post=47824"}],"version-history":[{"count":1,"href":"http:\/\/noticiastelered.com\/PortalDNoticias\/wp-json\/wp\/v2\/posts\/47824\/revisions"}],"predecessor-version":[{"id":47827,"href":"http:\/\/noticiastelered.com\/PortalDNoticias\/wp-json\/wp\/v2\/posts\/47824\/revisions\/47827"}],"wp:featuredmedia":[{"embeddable":true,"href":"http:\/\/noticiastelered.com\/PortalDNoticias\/wp-json\/wp\/v2\/media\/47826"}],"wp:attachment":[{"href":"http:\/\/noticiastelered.com\/PortalDNoticias\/wp-json\/wp\/v2\/media?parent=47824"}],"wp:term":[{"taxonomy":"category","embeddable":true,"href":"http:\/\/noticiastelered.com\/PortalDNoticias\/wp-json\/wp\/v2\/categories?post=47824"},{"taxonomy":"post_tag","embeddable":true,"href":"http:\/\/noticiastelered.com\/PortalDNoticias\/wp-json\/wp\/v2\/tags?post=47824"}],"curies":[{"name":"wp","href":"https:\/\/api.w.org\/{rel}","templated":true}]}}