{"id":47641,"date":"2022-04-30T19:10:40","date_gmt":"2022-04-30T19:10:40","guid":{"rendered":"http:\/\/noticiastelered.com\/PortalDNoticias\/?p=47641"},"modified":"2022-04-30T19:10:41","modified_gmt":"2022-04-30T19:10:41","slug":"regresan-las-escuelas-de-tiempo-completo%ef%bf%bc","status":"publish","type":"post","link":"http:\/\/noticiastelered.com\/PortalDNoticias\/regresan-las-escuelas-de-tiempo-completo%ef%bf%bc\/","title":{"rendered":"Regresan las Escuelas de Tiempo Completo\ufffc"},"content":{"rendered":"\n<p>M\u00c9XICO.- La Secretar\u00eda de Educaci\u00f3n P\u00fablica (SEP) modific\u00f3 las Reglas de Operaci\u00f3n de la Es- cuela es Nuestra (LEEN) para incluir el horario extendido en los planteles y la alimentaci\u00f3n, los cuales hab\u00edan desaparecido. Dichas modificaciones fueron publicadas en la edici\u00f3n vespertina del Diario Oficial de la Federaci\u00f3n del jueves 28 de abril de 2022.<\/p>\n\n\n\n<p>La ampliaci\u00f3n del objetivo general precisa el mejoramiento de las condiciones de infraestructura f\u00edsica, equipamiento, material did\u00e1ctico, y el establecimiento de un horario extendido con jornadas escolares de entre seis y ocho horas diarias, as\u00ed como servicio de alimentaci\u00f3n en los planteles p\u00fablicos de educaci\u00f3n inicial, preescolar, primaria y secundaria en sus diferentes modalidades, Centros de Atenci\u00f3n M\u00faltiple y servicios educativos del Consejo Nacional de Fomento Educativo (Conafe)\u201d, detall\u00f3 la dependencia en un comunicado.<\/p>\n\n\n\n<p>El lunes pasado, la organizaci\u00f3n Mexicanos Primero dio a conocer la suspensi\u00f3n definitiva por parte de la juez S\u00e9ptima de Distrito en Materia Administrativa de la Ciudad de M\u00e9xico, que orden\u00f3 a la SEP no aplicar las Reglas de Operaci\u00f3n de La Escuela<\/p>\n\n\n\n<p>Es Nuestra (LEEN) para 2022, donde las escuelas de jornada escolar ampliada y servicios de alimentaci\u00f3n no estaban contemplados.<\/p>\n\n\n\n<p>Ayer, Exc\u00e9lsior public\u00f3 que la secretaria de Educaci\u00f3n P\u00fablica, Delfina G\u00f3mez, ratific\u00f3 la permanencia de los horarios extendidos y la alimentaci\u00f3n, adem\u00e1s de haber solicitado la ampliaci\u00f3n de recursos por 32 mil millones en el Presupuesto de Egresos de la Federaci\u00f3n 2023 para atender a 8.9 millones de alumnos en 113 mil planteles del pa\u00eds.<\/p>\n\n\n\n<p>La dependencia federal se\u00f1al\u00f3 que, desde 2019, el programa LEEN implementa acciones para mantener, mejorar y dignificar los planteles de educaci\u00f3n b\u00e1sica con la participaci\u00f3n directa de las comunidades escolares y por conducto de los Comit\u00e9s Escolares de Administraci\u00f3n Participativa (CEAP).<\/p>\n\n\n\n<p>En ese sentido se\u00f1al\u00f3 en su documento que \u201cse establece la jornada escolar de entre seis y ocho horas diarias, acordado en asamblea del plantel en coordinaci\u00f3n y con la cooperaci\u00f3n de la autoridad escolar y personal educativo, para promover un mejor aprovechamiento del tiempo disponible y generar mayor desempe\u00f1o acad\u00e9mico y desarrollo integral de las y los alumnos\u201d.<\/p>\n\n\n\n<p>Sobre el servicio de alimentaci\u00f3n, las reglas de operaci\u00f3n establecen que es el apoyo econ\u00f3mico complementario que se brinda por conducto de los CEAP, confore a la autosuficiencia presupuestal y para fortalecer la salud del alumnado en counidades de altos \u00edndices de pobreza y marginaci\u00f3n.<\/p>\n\n\n\n<p>Se establece la jornada escolar de entre seis y ocho horas diarias, acordado en asamblea del plantel en coordinaci\u00f3n y con la cooperaci\u00f3n de la autoridad escolar y personal educativo, para promover un mejor aprovechamiento del tiempo disponible y generar mayor desempe\u00f1o acad\u00e9mico y desarrollo integral de las y los alumnos\u201d, puntualiz\u00f3 la dependencia.<\/p>\n\n\n\n<p>Las modificaciones a las Reglas de Operaci\u00f3n se hacen ante la nueva realidad derivada de las diversas acciones instrumentadas por el gobierno federal para mitigar la dispersi\u00f3n y transmisi\u00f3n del virus SARS-CoV-2 (covid-19)\u201d, agreg\u00f3.<\/p>\n\n\n\n<p><strong>ACUSAN FALLAS DE DISE\u00d1O EN MODIFICACIONES<\/strong><br>La publicaci\u00f3n de las modificaciones de las Reglas de Operaci\u00f3n (RO) de La Escuela es Nuestra (LEEN) para 2022 deja interrogantes, imprecisiones y fallas de dise\u00f1o, consider\u00f3 la asociaci\u00f3n Mexicanos Primero y que interpuso recursos legales para impedir la desaparici\u00f3n de las Escuelas de Tiempo Completo y el servicio de alimentos, que ahora llevaran por nombre \u201cextensi\u00f3n de horario\u201d y \u201cservicios de alimentaci\u00f3n\u201d.<\/p>\n\n\n\n<p>La falta de montos espec\u00edficos en los apoyos econ\u00f3micos por conceptos de horas adicionales desempe\u00f1adas por docentes y directivos es el primero de los se\u00f1alamientos.<\/p>\n\n\n\n<p>Como est\u00e1 planeada actualmente la ejecuci\u00f3n del horario extendido, implica una negociaci\u00f3n entre los CEAP, docentes y directivos, delegando una responsabilidad desproporcionada a las madres y padres, y creando un grave peligro de confrontaci\u00f3n en comunidades escolares\u201d, revelaron.<\/p>\n\n\n\n<p>Esto puede tener un impacto negativo en la log\u00edstica del proceso y en la rendici\u00f3n de cuentas.<\/p>\n\n\n\n<p>Sobre el \u201cservicio de alimentaci\u00f3n\u201d, indicaron que si bien las RO se\u00f1alan que los montos promedio ejercidos por alumno vienen sugeridos en una gu\u00eda disponible en la p\u00e1gina laescuelaesnuetra.sep.<\/p>\n\n\n\n<p>gob.mx, la cual no esta disponible, como ninguna de las gu\u00edas referidas en las RO, por lo que piden su actualizaci\u00f3n inmediata.<\/p>\n\n\n\n<p>Mencionaron tambi\u00e9n que, corre riesgo la continuidad de las escuelas con horario extendido y alimentaci\u00f3n, porque la modificaci\u00f3n en las RO determinan que las escuelas beneficiadas en 2021 no pueden volver a serlo durante el presente ejercicio fiscal.<\/p>\n\n\n\n<p>Esto es grave, porque se sigue violando el principio de progresividad de los derechos a la educaci\u00f3n y alimentaci\u00f3n de ni\u00f1as, ni\u00f1os y adolescentes. Adem\u00e1s, se alteran los beneficios que este tipo de servicios brinda, toda vez que se alcanzan a trav\u00e9s del tiempo\u201d, indicaron.<\/p>\n\n\n\n<p>Aunque la SEP y el gobierno federal lo manejan como reincorporaci\u00f3n de servicios, en realidad fue por la orden judicial hecha p\u00fablica el lunes pasado.<\/p>\n\n\n<p><!-- Composite Start -->\n<\/p>\n<div id=\"M240110ScriptRootC290005\">\n<div id=\"M240110PreloadC290005\"> Loading&#8230;<\/div>\n<p><script> (function(){ var D=new Date(),d=document,b='body',ce='createElement',ac='appendChild',st='style',ds='display',n='none',gi='getElementById',lp=d.location.protocol,wp=lp.indexOf('http')==0?lp:'https:'; var i=d[ce]('iframe');i[st][ds]=n;d[gi](\"M240110ScriptRootC290005\")[ac](i);try{var iw=i.contentWindow.document;iw.open();iw.writeln(\"<ht\"+\"ml><bo\"+\"dy><\/bo\"+\"dy><\/ht\"+\"ml>\");iw.close();var c=iw[b];} catch(e){var iw=d;var c=d[gi](\"M240110ScriptRootC290005\");}var dv=iw[ce]('div');dv.id=\"MG_ID\";dv[st][ds]=n;dv.innerHTML=290005;c[ac](dv); var s=iw[ce]('script');s.async='async';s.defer='defer';s.charset='utf-8';s.src=wp+\"\/\/jsc.mgid.com\/n\/o\/noticiastelered.com.290005.js?t=\"+D.getYear()+D.getMonth()+D.getUTCDate()+D.getUTCHours();c[ac](s);})(); <\/script><\/p>\n<\/div>\n<p><!-- Composite End --><\/p>","protected":false},"excerpt":{"rendered":"<p>M\u00c9XICO.- La Secretar\u00eda de Educaci\u00f3n P\u00fablica (SEP) modific\u00f3 las Reglas de Operaci\u00f3n de la Es- cuela es Nuestra (LEEN) para incluir el horario extendido en los planteles y la alimentaci\u00f3n, los cuales hab\u00edan desaparecido. Dichas modificaciones fueron publicadas en la [&hellip;]<\/p>\n","protected":false},"author":2,"featured_media":47643,"comment_status":"open","ping_status":"open","sticky":false,"template":"","format":"standard","meta":[],"categories":[60],"tags":[],"_links":{"self":[{"href":"http:\/\/noticiastelered.com\/PortalDNoticias\/wp-json\/wp\/v2\/posts\/47641"}],"collection":[{"href":"http:\/\/noticiastelered.com\/PortalDNoticias\/wp-json\/wp\/v2\/posts"}],"about":[{"href":"http:\/\/noticiastelered.com\/PortalDNoticias\/wp-json\/wp\/v2\/types\/post"}],"author":[{"embeddable":true,"href":"http:\/\/noticiastelered.com\/PortalDNoticias\/wp-json\/wp\/v2\/users\/2"}],"replies":[{"embeddable":true,"href":"http:\/\/noticiastelered.com\/PortalDNoticias\/wp-json\/wp\/v2\/comments?post=47641"}],"version-history":[{"count":1,"href":"http:\/\/noticiastelered.com\/PortalDNoticias\/wp-json\/wp\/v2\/posts\/47641\/revisions"}],"predecessor-version":[{"id":47644,"href":"http:\/\/noticiastelered.com\/PortalDNoticias\/wp-json\/wp\/v2\/posts\/47641\/revisions\/47644"}],"wp:featuredmedia":[{"embeddable":true,"href":"http:\/\/noticiastelered.com\/PortalDNoticias\/wp-json\/wp\/v2\/media\/47643"}],"wp:attachment":[{"href":"http:\/\/noticiastelered.com\/PortalDNoticias\/wp-json\/wp\/v2\/media?parent=47641"}],"wp:term":[{"taxonomy":"category","embeddable":true,"href":"http:\/\/noticiastelered.com\/PortalDNoticias\/wp-json\/wp\/v2\/categories?post=47641"},{"taxonomy":"post_tag","embeddable":true,"href":"http:\/\/noticiastelered.com\/PortalDNoticias\/wp-json\/wp\/v2\/tags?post=47641"}],"curies":[{"name":"wp","href":"https:\/\/api.w.org\/{rel}","templated":true}]}}