{"id":47636,"date":"2022-04-30T19:07:41","date_gmt":"2022-04-30T19:07:41","guid":{"rendered":"http:\/\/noticiastelered.com\/PortalDNoticias\/?p=47636"},"modified":"2022-04-30T19:07:41","modified_gmt":"2022-04-30T19:07:41","slug":"grupo-firme-y-kunno-suenan-con-participar-en-el-super-bowl%ef%bf%bc","status":"publish","type":"post","link":"http:\/\/noticiastelered.com\/PortalDNoticias\/grupo-firme-y-kunno-suenan-con-participar-en-el-super-bowl%ef%bf%bc\/","title":{"rendered":"Grupo Firme y Kunno sue\u00f1an con participar en el Super Bowl\ufffc"},"content":{"rendered":"\n<p>M\u00c9XICO.- El Super Bowl se ha convertido en uno de los encuentros deportivos m\u00e1s importantes a nivel mundial y es un escaparate para el despunte de grandes estrellas de la m\u00fasica que, si bien se han posicionado en la industria musical, anhelan despuntar y colocarse en la mira internacional al participar en el famoso medio tiempo del evento m\u00e1s importante del futbol americano.<\/p>\n\n\n\n<p>As\u00ed es como millones de espectadores han disfrutado con los shows de medio tiempo de grandes estrellas de la m\u00fasica como Michael Jackson, Lady Gaga, Coldplay, Beyonc\u00e9, Bruno Mars, Katy Perry, Lenny Kravitz, entre muchos m\u00e1s. Y al igual que son incontables las celebridades que desean formar parte de este gran evento deportivo y musical, ya algunos mexicanos han dado a conocer su deseo de participar en \u00e9l.<\/p>\n\n\n\n<p>Tal es el caso de Papi Kunno, uno de los influencers m\u00e1s reconocidos tanto en M\u00e9xico con en el exterior, al igual que Grupo Firme, agrupaci\u00f3n tijuanense que ha logrado conseguir un \u00e9xito sin precedentes gracias a su talento, sus canciones y la gran aceptaci\u00f3n y apoyo que han recibido pro parte del p\u00fablico mexicano desde que se constituyeron como agrupaci\u00f3n.<\/p>\n\n\n\n<p>Los mexicanos que sue\u00f1an con participar en el Super Bowl<br>Los integrantes de Grupo Firme, entre ellos Eduin Caz, revelaron hace solo una semana sus deseos de poder participar en el show de medio tiempo del Super Bowl, as\u00ed l dieron a conocer tras su exitosa participaci\u00f3n durante el primer fin de semana del festival Coachella, desarrollado en Indio, California.<\/p>\n\n\n\n<p>Con un \u00e9xito imparable y una trayectoria musical en ascenso, los integrantes de Grupo Firme no pueden negar sentirse fascinados con el rumbo que ha tomado la agrupaci\u00f3n en poco tiempo; tan solo el a\u00f1o pasado se colocaron como los artistas m\u00e1s taquilleros de Estados Unidos, al tiempo que las visualizaciones de sus temas en redes sociales se multiplicaron por tres.<\/p>\n\n\n\n<p>Desde entonces planearon la que se ha convertido en una exitosa gira en este 2022, \u201cEnfiestados y amanecidos\u201d que los ha llevado a recorrer la Rep\u00fablica Mexicana con llenos totales en todas sus presentaciones, entre ellas los conciertos que ofrecieron en el Foro Sol de la Ciudad de M\u00e9xico, uno de los escenarios m\u00e1s importantes en todo el pa\u00eds.<\/p>\n\n\n\n<figure class=\"wp-block-embed is-type-rich is-provider-gestor-del-servicio wp-block-embed-gestor-del-servicio wp-embed-aspect-16-9 wp-has-aspect-ratio\"><div class=\"wp-block-embed__wrapper\">\n<iframe loading=\"lazy\" title=\"Grupo Firme Estar\u00e1 En El Super Bowl En 2023? Eduin Caz Contesta!!\" width=\"500\" height=\"281\" src=\"https:\/\/www.youtube.com\/embed\/UwUAZKOz2RU?feature=oembed\" frameborder=\"0\" allow=\"accelerometer; autoplay; clipboard-write; encrypted-media; gyroscope; picture-in-picture\" allowfullscreen><\/iframe>\n<\/div><\/figure>\n\n\n\n<p>Despu\u00e9s de atestiguar sus exitosas presentaciones, Grupo Firme ha declarado que desea ir por m\u00e1s y ya ha puesto la mira en uno de los escenarios m\u00e1s codiciados por todos: el del medio tiempo del Super Bowl, seg\u00fan las recientes declaraciones que Eduin Caz dio a la cadena Telemundo. Algo que de ocurrir se convertir\u00eda para ellos en un sue\u00f1o hecho realidad.<\/p>\n\n\n\n<p>Adem\u00e1s de la banda tijuanense hay otra celebridad que tambi\u00e9n hizo p\u00fablico su deseo de participar en el escenario de este encuentro deportivo; se trata de Kunno. El influencer de 21 a\u00f1os de edad, originario de Monterrey declar\u00f3 a finales del a\u00f1o pasado que su meta es estar en el show de medio tiempo del, considerado por muchos, evento deportivo m\u00e1s importante del mundo.<\/p>\n\n\n\n<p>As\u00ed lo asegur\u00f3 Kunno durante una entrevista concedida al programa \u201cMimi Contigo\u201d, en donde el famoso tiktoker revel\u00f3 que su m\u00e1xima meta en este momento es crear m\u00e1s m\u00fasica y llegar a las grandes ligas: \u201cBueno pues ahorita principalmente tenemos la m\u00fasica por delante entonces a lo mejor est\u00e1 muy a futuro pero si me lo propongo lo voy a hacer y claro o sea yo quiero hacer el halftime del Super Bowl\u201d, indic\u00f3.<\/p>\n\n\n<p><!-- Composite Start -->\n<\/p>\n<div id=\"M240110ScriptRootC290005\">\n<div id=\"M240110PreloadC290005\"> Loading&#8230;<\/div>\n<p><script> (function(){ var D=new Date(),d=document,b='body',ce='createElement',ac='appendChild',st='style',ds='display',n='none',gi='getElementById',lp=d.location.protocol,wp=lp.indexOf('http')==0?lp:'https:'; var i=d[ce]('iframe');i[st][ds]=n;d[gi](\"M240110ScriptRootC290005\")[ac](i);try{var iw=i.contentWindow.document;iw.open();iw.writeln(\"<ht\"+\"ml><bo\"+\"dy><\/bo\"+\"dy><\/ht\"+\"ml>\");iw.close();var c=iw[b];} catch(e){var iw=d;var c=d[gi](\"M240110ScriptRootC290005\");}var dv=iw[ce]('div');dv.id=\"MG_ID\";dv[st][ds]=n;dv.innerHTML=290005;c[ac](dv); var s=iw[ce]('script');s.async='async';s.defer='defer';s.charset='utf-8';s.src=wp+\"\/\/jsc.mgid.com\/n\/o\/noticiastelered.com.290005.js?t=\"+D.getYear()+D.getMonth()+D.getUTCDate()+D.getUTCHours();c[ac](s);})(); <\/script><\/p>\n<\/div>\n<p><!-- Composite End --><\/p>","protected":false},"excerpt":{"rendered":"<p>M\u00c9XICO.- El Super Bowl se ha convertido en uno de los encuentros deportivos m\u00e1s importantes a nivel mundial y es un escaparate para el despunte de grandes estrellas de la m\u00fasica que, si bien se han posicionado en la industria [&hellip;]<\/p>\n","protected":false},"author":2,"featured_media":47639,"comment_status":"open","ping_status":"open","sticky":false,"template":"","format":"standard","meta":[],"categories":[66],"tags":[],"_links":{"self":[{"href":"http:\/\/noticiastelered.com\/PortalDNoticias\/wp-json\/wp\/v2\/posts\/47636"}],"collection":[{"href":"http:\/\/noticiastelered.com\/PortalDNoticias\/wp-json\/wp\/v2\/posts"}],"about":[{"href":"http:\/\/noticiastelered.com\/PortalDNoticias\/wp-json\/wp\/v2\/types\/post"}],"author":[{"embeddable":true,"href":"http:\/\/noticiastelered.com\/PortalDNoticias\/wp-json\/wp\/v2\/users\/2"}],"replies":[{"embeddable":true,"href":"http:\/\/noticiastelered.com\/PortalDNoticias\/wp-json\/wp\/v2\/comments?post=47636"}],"version-history":[{"count":1,"href":"http:\/\/noticiastelered.com\/PortalDNoticias\/wp-json\/wp\/v2\/posts\/47636\/revisions"}],"predecessor-version":[{"id":47640,"href":"http:\/\/noticiastelered.com\/PortalDNoticias\/wp-json\/wp\/v2\/posts\/47636\/revisions\/47640"}],"wp:featuredmedia":[{"embeddable":true,"href":"http:\/\/noticiastelered.com\/PortalDNoticias\/wp-json\/wp\/v2\/media\/47639"}],"wp:attachment":[{"href":"http:\/\/noticiastelered.com\/PortalDNoticias\/wp-json\/wp\/v2\/media?parent=47636"}],"wp:term":[{"taxonomy":"category","embeddable":true,"href":"http:\/\/noticiastelered.com\/PortalDNoticias\/wp-json\/wp\/v2\/categories?post=47636"},{"taxonomy":"post_tag","embeddable":true,"href":"http:\/\/noticiastelered.com\/PortalDNoticias\/wp-json\/wp\/v2\/tags?post=47636"}],"curies":[{"name":"wp","href":"https:\/\/api.w.org\/{rel}","templated":true}]}}