{"id":47624,"date":"2022-04-30T18:57:55","date_gmt":"2022-04-30T18:57:55","guid":{"rendered":"http:\/\/noticiastelered.com\/PortalDNoticias\/?p=47624"},"modified":"2022-04-30T18:57:55","modified_gmt":"2022-04-30T18:57:55","slug":"reaparece-mama-de-nodal-tras-diagnostico-de-cancer%ef%bf%bc","status":"publish","type":"post","link":"http:\/\/noticiastelered.com\/PortalDNoticias\/reaparece-mama-de-nodal-tras-diagnostico-de-cancer%ef%bf%bc\/","title":{"rendered":"Reaparece mam\u00e1 de Nodal tras diagn\u00f3stico de c\u00e1ncer\ufffc"},"content":{"rendered":"\n<p>M\u00c9XICO.- La mam\u00e1 de Christian Nodal dio a conocer hace unas semanas que fue diagnosticada con c\u00e1ncer de col\u00f3n, una noticia que caus\u00f3 gran impacto, pues Silvia Cristina ha demostrado ser uno de los grandes pilares del sonorense y aunque la tambi\u00e9n empresaria no se hab\u00eda dejado ver en redes, hoy reaparece y as\u00ed luci\u00f3 junto a uno de sus cantantes favoritos.<\/p>\n\n\n\n<p>Seg\u00fan explic\u00f3 Cristy Nodal a trav\u00e9s de sus historias en Instagram, le detectaron un tumor maligno luego de realizarse algunos estudios, por lo que ten\u00edan que operarla de inmediato, sin embargo, tras realizar otras revisiones, los m\u00e9dicos se sorprendieron al darse cuenta que su colon encontraba en perfecto estado y no hab\u00eda rastro de la lesi\u00f3n.<\/p>\n\n\n\n<p><strong>Cristy Nodal asisti\u00f3 a un concierto y as\u00ed luce<\/strong><br>A poco m\u00e1s de 2 semanas de que la mam\u00e1 de Nodal diera a conocer su estado de salud, la ma\u00f1ana de este s\u00e1bado la tambi\u00e9n manager del cantante reapareci\u00f3 en su cuenta oficial de Instagram, en donde se dej\u00f3 ver acompa\u00f1ada del cantante de flamenco Diego Ram\u00f3n Jim\u00e9nez Salazar, m\u00e1s conocido como \u201cEl Cigala\u201d.<\/p>\n\n\n\n<figure class=\"wp-block-image\"><img decoding=\"async\" src=\"https:\/\/expreso.press\/wp-content\/uploads\/2022\/04\/f768x1-507480_507607_23-264x187.jpg\" alt=\"\" class=\"wp-image-617358\"\/><\/figure>\n\n\n\n<p>El espa\u00f1ol de etnia gitana y nacionalidad dominicana desde 2014 ofreci\u00f3 la noche de este viernes un concierto en la ciudad de Guadalajara, Jalisco, mismo al que asisti\u00f3 Cristy Nodal, seg\u00fan dej\u00f3 ver en sus redes sociales, pues comparti\u00f3 una serie de im\u00e1genes del evento y de su encuentro en privado con el cantante.<\/p>\n\n\n\n<p>Demostrando que es una gran fan del espa\u00f1ol, Silvia Cristina pos\u00f3 junto a \u201cEl Cigala\u201d y le pidi\u00f3 que le firmar\u00e1 un abanico que llev\u00f3 como recuerdo. En las im\u00e1genes se le puede ver con el cabello m\u00e1s corto y utilizando cubrebocas, sin embargo, quedar\u00eda confirmado lo que expres\u00f3 recientemente su hijo en una entrevista, en la que afirm\u00f3 que su madre estaba bien de salud.<\/p>\n\n\n\n<p><strong>Christian Nodal habla sobre el estado de salud de su mam\u00e1<\/strong><br>Al t\u00e9rmino de su participaci\u00f3n en el palenque de la Feria de Tepatitl\u00e1n, Christian declar\u00f3 que su madre se encuentra estable: \u201cEst\u00e1 bien, yo la he visto muy bien gracias a Dios, ahorita la vi y estoy feliz de que ella est\u00e9 muy bien\u201d, dejando ver que su mam\u00e1 ya se encuentra viajando, como lo confirman las im\u00e1genes junto a \u201cEl Cigala\u201d.<\/p>\n\n\n<p><!-- Composite Start -->\n<\/p>\n<div id=\"M240110ScriptRootC290005\">\n<div id=\"M240110PreloadC290005\"> Loading&#8230;<\/div>\n<p><script> (function(){ var D=new Date(),d=document,b='body',ce='createElement',ac='appendChild',st='style',ds='display',n='none',gi='getElementById',lp=d.location.protocol,wp=lp.indexOf('http')==0?lp:'https:'; var i=d[ce]('iframe');i[st][ds]=n;d[gi](\"M240110ScriptRootC290005\")[ac](i);try{var iw=i.contentWindow.document;iw.open();iw.writeln(\"<ht\"+\"ml><bo\"+\"dy><\/bo\"+\"dy><\/ht\"+\"ml>\");iw.close();var c=iw[b];} catch(e){var iw=d;var c=d[gi](\"M240110ScriptRootC290005\");}var dv=iw[ce]('div');dv.id=\"MG_ID\";dv[st][ds]=n;dv.innerHTML=290005;c[ac](dv); var s=iw[ce]('script');s.async='async';s.defer='defer';s.charset='utf-8';s.src=wp+\"\/\/jsc.mgid.com\/n\/o\/noticiastelered.com.290005.js?t=\"+D.getYear()+D.getMonth()+D.getUTCDate()+D.getUTCHours();c[ac](s);})(); <\/script><\/p>\n<\/div>\n<p><!-- Composite End --><\/p>","protected":false},"excerpt":{"rendered":"<p>M\u00c9XICO.- La mam\u00e1 de Christian Nodal dio a conocer hace unas semanas que fue diagnosticada con c\u00e1ncer de col\u00f3n, una noticia que caus\u00f3 gran impacto, pues Silvia Cristina ha demostrado ser uno de los grandes pilares del sonorense y aunque [&hellip;]<\/p>\n","protected":false},"author":2,"featured_media":47626,"comment_status":"open","ping_status":"open","sticky":false,"template":"","format":"standard","meta":[],"categories":[66],"tags":[],"_links":{"self":[{"href":"http:\/\/noticiastelered.com\/PortalDNoticias\/wp-json\/wp\/v2\/posts\/47624"}],"collection":[{"href":"http:\/\/noticiastelered.com\/PortalDNoticias\/wp-json\/wp\/v2\/posts"}],"about":[{"href":"http:\/\/noticiastelered.com\/PortalDNoticias\/wp-json\/wp\/v2\/types\/post"}],"author":[{"embeddable":true,"href":"http:\/\/noticiastelered.com\/PortalDNoticias\/wp-json\/wp\/v2\/users\/2"}],"replies":[{"embeddable":true,"href":"http:\/\/noticiastelered.com\/PortalDNoticias\/wp-json\/wp\/v2\/comments?post=47624"}],"version-history":[{"count":1,"href":"http:\/\/noticiastelered.com\/PortalDNoticias\/wp-json\/wp\/v2\/posts\/47624\/revisions"}],"predecessor-version":[{"id":47627,"href":"http:\/\/noticiastelered.com\/PortalDNoticias\/wp-json\/wp\/v2\/posts\/47624\/revisions\/47627"}],"wp:featuredmedia":[{"embeddable":true,"href":"http:\/\/noticiastelered.com\/PortalDNoticias\/wp-json\/wp\/v2\/media\/47626"}],"wp:attachment":[{"href":"http:\/\/noticiastelered.com\/PortalDNoticias\/wp-json\/wp\/v2\/media?parent=47624"}],"wp:term":[{"taxonomy":"category","embeddable":true,"href":"http:\/\/noticiastelered.com\/PortalDNoticias\/wp-json\/wp\/v2\/categories?post=47624"},{"taxonomy":"post_tag","embeddable":true,"href":"http:\/\/noticiastelered.com\/PortalDNoticias\/wp-json\/wp\/v2\/tags?post=47624"}],"curies":[{"name":"wp","href":"https:\/\/api.w.org\/{rel}","templated":true}]}}