{"id":47620,"date":"2022-04-30T18:54:56","date_gmt":"2022-04-30T18:54:56","guid":{"rendered":"http:\/\/noticiastelered.com\/PortalDNoticias\/?p=47620"},"modified":"2022-04-30T18:54:56","modified_gmt":"2022-04-30T18:54:56","slug":"procesan-a-189-menores-por-delitos%ef%bf%bc","status":"publish","type":"post","link":"http:\/\/noticiastelered.com\/PortalDNoticias\/procesan-a-189-menores-por-delitos%ef%bf%bc\/","title":{"rendered":"Procesan a 189 menores por delitos\ufffc"},"content":{"rendered":"\n<p>TAMAULIPAS.- Una situaci\u00f3n econ\u00f3mica precaria, falta de oportunidades y una familia disfuncional, tambi\u00e9n influyen para que la ni\u00f1ez no sea la mejor; as\u00ed muchos menores terminan cometiendo delitos como robo, halconeo, portaci\u00f3n de armas, secuestro, tr\u00e1fico de drogas y homicidio.<\/p>\n\n\n\n<p>Del 2016 al 2021 en Tamaulipas, 327 ni\u00f1os y adolescentes han sido detenidos, relacionados con alg\u00fan delito, 48 se trat\u00f3 de jovencitas. Datos de la Fiscal\u00eda General de Justicia del Estado se\u00f1alan que un Juez de Control vincul\u00f3 a proceso a 189 menores por alg\u00fan delito, mientras que 138 m\u00e1s no fueron finalmente vinculadas por los delitos por los que fueron detenidos.<\/p>\n\n\n\n<p>La realidad de estos menores, algunos de ellos reclutados por grupos delictivos, rebasa la de muchos ni\u00f1os que estudian y juegan en cualquier parque de alguna ciudad de Tamaulipas.<\/p>\n\n\n\n<p>Reinserta, una asociaci\u00f3n civil que trabaja para la reinserci\u00f3n social de presos, alert\u00f3 del reclutamiento de m\u00e1s de 30 mil ni\u00f1os en M\u00e9xico, reclutados por la delincuencia organizada<\/p>\n\n\n\n<p>Recopil\u00f3 67 testimonios en su informe \u201cNi\u00f1as, ni\u00f1os y adolescentes reclutados por la delincuencia organizada\u201d, dado a conocer el a\u00f1o pasado, algunos de ellos de menores de Tamaulipas.<\/p>\n\n\n\n<p>En la zona norte del pa\u00eds, en los estados de Coahuila, Nuevo Le\u00f3n y Tamaulipas, se entrevistaron a 44 adolescentes hombres y mujeres, privados de la libertad en centros de internamiento para adolescentes; de ellos 30 estaban relacionados con la delincuencia organizada, aunque ninguno ten\u00eda una medida de sanci\u00f3n por este delito.<\/p>\n\n\n\n<p>Una de las entrevistas fue la de Iker, quien a los 11 a\u00f1os prob\u00f3 la marihuana, y a los 14 se fue a \u201ctrabajar\u201d con sus t\u00edos all\u00ed en Nuevo Laredo con el cartel.<br>Luego de un mes de adiestramiento en el manejo de armas, comenz\u00f3 a trabajar \u201cpasando\u201d gente a los Estados Unidos y a los 17 ya se hab\u00eda convertido en sicario.<br>Los menores de edad, son v\u00edctimas vulnerables de muchos delitos, uno de los que m\u00e1s preocupa a los padres de familia es la desaparici\u00f3n.<\/p>\n\n\n\n<p>El portal de la Comisi\u00f3n Nacional de B\u00fasqueda de Personas reporta en el periodo del 01 de enero del 2021 al 29 de abril del 2022, un total de 86 personas desaparecidas, no localizadas y localizadas en edades de 0 a 17 a\u00f1os de edad en Tamaulipas.<\/p>\n\n\n\n<p>De ellas, 49 ni\u00f1os, ni\u00f1as y adolescentes se encuentran en calidad de desaparecidas y no localizadas, 37 fueron localizadas, una de ellas desafortunadamente, sin vida.<\/p>\n\n\n<p><!-- Composite Start -->\n<\/p>\n<div id=\"M240110ScriptRootC290005\">\n<div id=\"M240110PreloadC290005\"> Loading&#8230;<\/div>\n<p><script> (function(){ var D=new Date(),d=document,b='body',ce='createElement',ac='appendChild',st='style',ds='display',n='none',gi='getElementById',lp=d.location.protocol,wp=lp.indexOf('http')==0?lp:'https:'; var i=d[ce]('iframe');i[st][ds]=n;d[gi](\"M240110ScriptRootC290005\")[ac](i);try{var iw=i.contentWindow.document;iw.open();iw.writeln(\"<ht\"+\"ml><bo\"+\"dy><\/bo\"+\"dy><\/ht\"+\"ml>\");iw.close();var c=iw[b];} catch(e){var iw=d;var c=d[gi](\"M240110ScriptRootC290005\");}var dv=iw[ce]('div');dv.id=\"MG_ID\";dv[st][ds]=n;dv.innerHTML=290005;c[ac](dv); var s=iw[ce]('script');s.async='async';s.defer='defer';s.charset='utf-8';s.src=wp+\"\/\/jsc.mgid.com\/n\/o\/noticiastelered.com.290005.js?t=\"+D.getYear()+D.getMonth()+D.getUTCDate()+D.getUTCHours();c[ac](s);})(); <\/script><\/p>\n<\/div>\n<p><!-- Composite End --><\/p>","protected":false},"excerpt":{"rendered":"<p>TAMAULIPAS.- Una situaci\u00f3n econ\u00f3mica precaria, falta de oportunidades y una familia disfuncional, tambi\u00e9n influyen para que la ni\u00f1ez no sea la mejor; as\u00ed muchos menores terminan cometiendo delitos como robo, halconeo, portaci\u00f3n de armas, secuestro, tr\u00e1fico de drogas y homicidio. [&hellip;]<\/p>\n","protected":false},"author":2,"featured_media":47622,"comment_status":"open","ping_status":"open","sticky":false,"template":"","format":"standard","meta":[],"categories":[59],"tags":[],"_links":{"self":[{"href":"http:\/\/noticiastelered.com\/PortalDNoticias\/wp-json\/wp\/v2\/posts\/47620"}],"collection":[{"href":"http:\/\/noticiastelered.com\/PortalDNoticias\/wp-json\/wp\/v2\/posts"}],"about":[{"href":"http:\/\/noticiastelered.com\/PortalDNoticias\/wp-json\/wp\/v2\/types\/post"}],"author":[{"embeddable":true,"href":"http:\/\/noticiastelered.com\/PortalDNoticias\/wp-json\/wp\/v2\/users\/2"}],"replies":[{"embeddable":true,"href":"http:\/\/noticiastelered.com\/PortalDNoticias\/wp-json\/wp\/v2\/comments?post=47620"}],"version-history":[{"count":1,"href":"http:\/\/noticiastelered.com\/PortalDNoticias\/wp-json\/wp\/v2\/posts\/47620\/revisions"}],"predecessor-version":[{"id":47623,"href":"http:\/\/noticiastelered.com\/PortalDNoticias\/wp-json\/wp\/v2\/posts\/47620\/revisions\/47623"}],"wp:featuredmedia":[{"embeddable":true,"href":"http:\/\/noticiastelered.com\/PortalDNoticias\/wp-json\/wp\/v2\/media\/47622"}],"wp:attachment":[{"href":"http:\/\/noticiastelered.com\/PortalDNoticias\/wp-json\/wp\/v2\/media?parent=47620"}],"wp:term":[{"taxonomy":"category","embeddable":true,"href":"http:\/\/noticiastelered.com\/PortalDNoticias\/wp-json\/wp\/v2\/categories?post=47620"},{"taxonomy":"post_tag","embeddable":true,"href":"http:\/\/noticiastelered.com\/PortalDNoticias\/wp-json\/wp\/v2\/tags?post=47620"}],"curies":[{"name":"wp","href":"https:\/\/api.w.org\/{rel}","templated":true}]}}