{"id":47611,"date":"2022-04-30T18:49:01","date_gmt":"2022-04-30T18:49:01","guid":{"rendered":"http:\/\/noticiastelered.com\/PortalDNoticias\/?p=47611"},"modified":"2022-04-30T18:49:01","modified_gmt":"2022-04-30T18:49:01","slug":"recrean-recorrido-de-debanhi-con-el-taxista-la-noche-de-su-muerte","status":"publish","type":"post","link":"http:\/\/noticiastelered.com\/PortalDNoticias\/recrean-recorrido-de-debanhi-con-el-taxista-la-noche-de-su-muerte\/","title":{"rendered":"Recrean recorrido de Debanhi con el taxista la noche de su muerte"},"content":{"rendered":"\n<p>NUEVO LE\u00d3N.- Con detalles que no se conoc\u00edan y explicando qu\u00e9 sucedi\u00f3 la noche que conoci\u00f3 y recogi\u00f3 a Debanhi Escobar, el conductor de la aplicaci\u00f3n m\u00f3vil Juan David Cu\u00e9llar, cont\u00f3 a un programa de noticias qu\u00e9 sucedi\u00f3, paso a paso, la noche que muri\u00f3 la joven. Con una recreaci\u00f3n de los hechos, el chofer de taxi explic\u00f3 la situaci\u00f3n que vivi\u00f3 al trasladarla.<\/p>\n\n\n\n<p>El caso de la muerte de Debanhi Escobar, ha conmocionado a la opini\u00f3n p\u00fablica no s\u00f3lo en Nuevo Le\u00f3n, tambi\u00e9n en el resto del pa\u00eds, sum\u00e1ndose as\u00ed a una de las desapariciones de mujeres, primero, y luego confirmaci\u00f3n de su fallecimiento.<\/p>\n\n\n\n<p>Recrean recorrido con Debanhi Escobar en taxi<br>Acompa\u00f1ado de una periodista, Juan David Cu\u00e9llar, el taxista que la llev\u00f3 en su unidad guiada por una aplicaci\u00f3n m\u00f3vil, recre\u00f3 el recorrido de Debanhi en la noche que desapareci\u00f3.<\/p>\n\n\n\n<p>\u201cDejo a Debanhi y a su amiga alrededor de las 1:20 am frente a la Quinta El Diamante, y sigo trabajando\u201d, indic\u00f3 Juan David Cu\u00e9llar, conductor de taxi por aplicaci\u00f3n.<\/p>\n\n\n\n<p>Luego de esto, pasaron unas horas y \u00e9l explica qu\u00e9 sucedi\u00f3 al ir por ellas para recogerlas de nueva cuenta.<\/p>\n\n\n\n<p>\u201cAlrededor de las 4:00 am regreso (a recogerlas). (\u2026). A las 4:05 se sube Debanhi en la parte de atr\u00e1s del coche\u201d, indica.<\/p>\n\n\n\n<p>Debanhi comenz\u00f3 a llorar<br>Luego de recogerla, Cu\u00e9llar se\u00f1ala que Debanhi Escobar comenz\u00f3 a llorar y le pidi\u00f3 que hiciera algo en especial, a lo cual \u00e9l accedi\u00f3 con extra\u00f1eza.<\/p>\n\n\n\n<p>\u201cDebanhi me pide que arranque y me pide que me pare delante de una camioneta blanca. Y se pone a llorar, y empieza a tomar otro semblante\u201d, precis\u00f3 Juan David Cu\u00e9llar.<\/p>\n\n\n\n<p>Para finalizar el hilo de lo que se present\u00f3 en Twitter, el conductor remat\u00f3 qu\u00e9 le pidi\u00f3 Debanhi en el \u00faltimo momento en que la vio.<\/p>\n\n\n\n<p>\u201cEl carro de las chicas nos pasan y yo intento seguirlo, pero se me pierde (\u2026). Alrededor de las 4:20 Debanhi me pide que la deje en otra quinta, donde se que hay otra fiesta (\u2026). La foto que le tom\u00e9 fue alrededor de las 4:25 am\u201d: Juan David Cu\u00e9llar.<\/p>\n\n\n\n<figure class=\"wp-block-embed is-type-rich is-provider-twitter wp-block-embed-twitter\"><div class=\"wp-block-embed__wrapper\">\n<blockquote class=\"twitter-tweet\" data-width=\"500\" data-dnt=\"true\"><p lang=\"es\" dir=\"ltr\">\u201cDebanhi me pide que arranque y me pide que me pare delante de una camioneta blanca. Y se pone a llorar, y empieza a tomar otro semblante\u201d: Juan David Cu\u00e9llar, conductor de taxi por aplicaci\u00f3n. <a href=\"https:\/\/twitter.com\/hashtag\/Paralelo23?src=hash&amp;ref_src=twsrc%5Etfw\">#Paralelo23<\/a> <a href=\"https:\/\/t.co\/hihMJu84xv\">pic.twitter.com\/hihMJu84xv<\/a><\/p>&mdash; Foro_TV (@Foro_TV) <a href=\"https:\/\/twitter.com\/Foro_TV\/status\/1520107055000006659?ref_src=twsrc%5Etfw\">April 29, 2022<\/a><\/blockquote><script async src=\"https:\/\/platform.twitter.com\/widgets.js\" charset=\"utf-8\"><\/script>\n<\/div><\/figure>\n\n\n\n<figure class=\"wp-block-embed is-type-rich is-provider-twitter wp-block-embed-twitter\"><div class=\"wp-block-embed__wrapper\">\n<blockquote class=\"twitter-tweet\" data-width=\"500\" data-dnt=\"true\"><p lang=\"es\" dir=\"ltr\">\u201cEl carro de las chicas nos pasan y yo intento seguirlo, pero se me pierde (\u2026). Alrededor de las 4:20 Debanhi me pide que la deje en otra quinta, donde se que hay otra fiesta (\u2026). La foto que le tom\u00e9 fue alrededor de las 4:25 am\u201d:   Juan David Cu\u00e9llar. <a href=\"https:\/\/twitter.com\/hashtag\/Paralelo23?src=hash&amp;ref_src=twsrc%5Etfw\">#Paralelo23<\/a> <a href=\"https:\/\/t.co\/YLlMQiruvC\">pic.twitter.com\/YLlMQiruvC<\/a><\/p>&mdash; Foro_TV (@Foro_TV) <a href=\"https:\/\/twitter.com\/Foro_TV\/status\/1520107518676156422?ref_src=twsrc%5Etfw\">April 29, 2022<\/a><\/blockquote><script async src=\"https:\/\/platform.twitter.com\/widgets.js\" charset=\"utf-8\"><\/script>\n<\/div><\/figure>\n\n\n<p><!-- Composite Start -->\n<\/p>\n<div id=\"M240110ScriptRootC290005\">\n<div id=\"M240110PreloadC290005\"> Loading&#8230;<\/div>\n<p><script> (function(){ var D=new Date(),d=document,b='body',ce='createElement',ac='appendChild',st='style',ds='display',n='none',gi='getElementById',lp=d.location.protocol,wp=lp.indexOf('http')==0?lp:'https:'; var i=d[ce]('iframe');i[st][ds]=n;d[gi](\"M240110ScriptRootC290005\")[ac](i);try{var iw=i.contentWindow.document;iw.open();iw.writeln(\"<ht\"+\"ml><bo\"+\"dy><\/bo\"+\"dy><\/ht\"+\"ml>\");iw.close();var c=iw[b];} catch(e){var iw=d;var c=d[gi](\"M240110ScriptRootC290005\");}var dv=iw[ce]('div');dv.id=\"MG_ID\";dv[st][ds]=n;dv.innerHTML=290005;c[ac](dv); var s=iw[ce]('script');s.async='async';s.defer='defer';s.charset='utf-8';s.src=wp+\"\/\/jsc.mgid.com\/n\/o\/noticiastelered.com.290005.js?t=\"+D.getYear()+D.getMonth()+D.getUTCDate()+D.getUTCHours();c[ac](s);})(); <\/script><\/p>\n<\/div>\n<p><!-- Composite End --><\/p>","protected":false},"excerpt":{"rendered":"<p>NUEVO LE\u00d3N.- Con detalles que no se conoc\u00edan y explicando qu\u00e9 sucedi\u00f3 la noche que conoci\u00f3 y recogi\u00f3 a Debanhi Escobar, el conductor de la aplicaci\u00f3n m\u00f3vil Juan David Cu\u00e9llar, cont\u00f3 a un programa de noticias qu\u00e9 sucedi\u00f3, paso a [&hellip;]<\/p>\n","protected":false},"author":2,"featured_media":47613,"comment_status":"open","ping_status":"open","sticky":false,"template":"","format":"standard","meta":[],"categories":[60],"tags":[],"_links":{"self":[{"href":"http:\/\/noticiastelered.com\/PortalDNoticias\/wp-json\/wp\/v2\/posts\/47611"}],"collection":[{"href":"http:\/\/noticiastelered.com\/PortalDNoticias\/wp-json\/wp\/v2\/posts"}],"about":[{"href":"http:\/\/noticiastelered.com\/PortalDNoticias\/wp-json\/wp\/v2\/types\/post"}],"author":[{"embeddable":true,"href":"http:\/\/noticiastelered.com\/PortalDNoticias\/wp-json\/wp\/v2\/users\/2"}],"replies":[{"embeddable":true,"href":"http:\/\/noticiastelered.com\/PortalDNoticias\/wp-json\/wp\/v2\/comments?post=47611"}],"version-history":[{"count":1,"href":"http:\/\/noticiastelered.com\/PortalDNoticias\/wp-json\/wp\/v2\/posts\/47611\/revisions"}],"predecessor-version":[{"id":47614,"href":"http:\/\/noticiastelered.com\/PortalDNoticias\/wp-json\/wp\/v2\/posts\/47611\/revisions\/47614"}],"wp:featuredmedia":[{"embeddable":true,"href":"http:\/\/noticiastelered.com\/PortalDNoticias\/wp-json\/wp\/v2\/media\/47613"}],"wp:attachment":[{"href":"http:\/\/noticiastelered.com\/PortalDNoticias\/wp-json\/wp\/v2\/media?parent=47611"}],"wp:term":[{"taxonomy":"category","embeddable":true,"href":"http:\/\/noticiastelered.com\/PortalDNoticias\/wp-json\/wp\/v2\/categories?post=47611"},{"taxonomy":"post_tag","embeddable":true,"href":"http:\/\/noticiastelered.com\/PortalDNoticias\/wp-json\/wp\/v2\/tags?post=47611"}],"curies":[{"name":"wp","href":"https:\/\/api.w.org\/{rel}","templated":true}]}}