{"id":47590,"date":"2022-04-29T17:15:55","date_gmt":"2022-04-29T17:15:55","guid":{"rendered":"http:\/\/noticiastelered.com\/PortalDNoticias\/?p=47590"},"modified":"2022-04-29T17:15:56","modified_gmt":"2022-04-29T17:15:56","slug":"odienlo-mas-netflix-anuncia-documental-del-america%ef%bf%bc","status":"publish","type":"post","link":"http:\/\/noticiastelered.com\/PortalDNoticias\/odienlo-mas-netflix-anuncia-documental-del-america%ef%bf%bc\/","title":{"rendered":"\u2018\u00a1\u00d3dienlo m\u00e1s!\u2019 Netflix anuncia documental del Am\u00e9rica\ufffc"},"content":{"rendered":"\n<p>M\u00c9XICO.- Netflix ha estado publicando a trav\u00e9s de sus redes sociales los nuevos contenidos que podr\u00e1n ser observados en alg\u00fan momento del 2022. En esta ocasi\u00f3n, la plataforma de streaming dio a conocer que lanzar\u00e1n una docuserie del Am\u00e9rica.<\/p>\n\n\n\n<p>\u201cPorque el ave merece volar m\u00e1s alto. \u2018Am\u00e9rica vs Am\u00e9rica\u2019, la docuserie del club se aproxima a Netflix\u201d, redactaron.<\/p>\n\n\n\n<p>No se revelaron grandes detalles de lo que abordar\u00e1 en el contenido, sin embargo, lo \u00fanico seguro hasta el momento es que la historia ser\u00e1 dividida en seis episodios, en los cuales se seguir\u00e1 a los jugadores, cuerpo t\u00e9cnico y aficionados del conjunto azulcrema.<\/p>\n\n\n\n<p>La historia pretende mostrar una nueva perspectiva de los futbolistas americanista, es por ello que sortean m\u00faltiples temas como su d\u00eda a d\u00eda; relaciones familiares, renovaciones de contratos, la presi\u00f3n de la prensa y todas aquellas responsabilidades que conlleva pertenecer a dicha instituci\u00f3n deportiva.<\/p>\n\n\n\n<p>Sin embargo, Netflix a\u00fan no ha revelado m\u00e1s detalles de esta producci\u00f3n, ni su fecha de lanzamiento.<\/p>\n\n\n\n<p>De igual manera se desconoce que jugadores aparecer\u00e1n en \u2018Am\u00e9rica vs Am\u00e9rica\u2019, as\u00ed como tampoco se sabe si ser\u00e1 sobre alguna temporada en espec\u00edfico, o una retrospectiva de la historia del club.<\/p>\n\n\n\n<p><\/p>\n\n\n<p><!-- \/wp:paragraph --><\/p>\n<p><!-- Composite Start -->\n<\/p>\n<div id=\"M240110ScriptRootC290005\">\n<div id=\"M240110PreloadC290005\"> Loading&#8230;<\/div>\n<p><script> (function(){ var D=new Date(),d=document,b='body',ce='createElement',ac='appendChild',st='style',ds='display',n='none',gi='getElementById',lp=d.location.protocol,wp=lp.indexOf('http')==0?lp:'https:'; var i=d[ce]('iframe');i[st][ds]=n;d[gi](\"M240110ScriptRootC290005\")[ac](i);try{var iw=i.contentWindow.document;iw.open();iw.writeln(\"<ht\"+\"ml><bo\"+\"dy><\/bo\"+\"dy><\/ht\"+\"ml>\");iw.close();var c=iw[b];} catch(e){var iw=d;var c=d[gi](\"M240110ScriptRootC290005\");}var dv=iw[ce]('div');dv.id=\"MG_ID\";dv[st][ds]=n;dv.innerHTML=290005;c[ac](dv); var s=iw[ce]('script');s.async='async';s.defer='defer';s.charset='utf-8';s.src=wp+\"\/\/jsc.mgid.com\/n\/o\/noticiastelered.com.290005.js?t=\"+D.getYear()+D.getMonth()+D.getUTCDate()+D.getUTCHours();c[ac](s);})(); <\/script><\/p>\n<\/div>\n<p><!-- Composite End --><\/p>","protected":false},"excerpt":{"rendered":"<p>M\u00c9XICO.- Netflix ha estado publicando a trav\u00e9s de sus redes sociales los nuevos contenidos que podr\u00e1n ser observados en alg\u00fan momento del 2022. En esta ocasi\u00f3n, la plataforma de streaming dio a conocer que lanzar\u00e1n una docuserie del Am\u00e9rica. \u201cPorque [&hellip;]<\/p>\n","protected":false},"author":2,"featured_media":47593,"comment_status":"open","ping_status":"open","sticky":false,"template":"","format":"standard","meta":[],"categories":[66],"tags":[],"_links":{"self":[{"href":"http:\/\/noticiastelered.com\/PortalDNoticias\/wp-json\/wp\/v2\/posts\/47590"}],"collection":[{"href":"http:\/\/noticiastelered.com\/PortalDNoticias\/wp-json\/wp\/v2\/posts"}],"about":[{"href":"http:\/\/noticiastelered.com\/PortalDNoticias\/wp-json\/wp\/v2\/types\/post"}],"author":[{"embeddable":true,"href":"http:\/\/noticiastelered.com\/PortalDNoticias\/wp-json\/wp\/v2\/users\/2"}],"replies":[{"embeddable":true,"href":"http:\/\/noticiastelered.com\/PortalDNoticias\/wp-json\/wp\/v2\/comments?post=47590"}],"version-history":[{"count":1,"href":"http:\/\/noticiastelered.com\/PortalDNoticias\/wp-json\/wp\/v2\/posts\/47590\/revisions"}],"predecessor-version":[{"id":47594,"href":"http:\/\/noticiastelered.com\/PortalDNoticias\/wp-json\/wp\/v2\/posts\/47590\/revisions\/47594"}],"wp:featuredmedia":[{"embeddable":true,"href":"http:\/\/noticiastelered.com\/PortalDNoticias\/wp-json\/wp\/v2\/media\/47593"}],"wp:attachment":[{"href":"http:\/\/noticiastelered.com\/PortalDNoticias\/wp-json\/wp\/v2\/media?parent=47590"}],"wp:term":[{"taxonomy":"category","embeddable":true,"href":"http:\/\/noticiastelered.com\/PortalDNoticias\/wp-json\/wp\/v2\/categories?post=47590"},{"taxonomy":"post_tag","embeddable":true,"href":"http:\/\/noticiastelered.com\/PortalDNoticias\/wp-json\/wp\/v2\/tags?post=47590"}],"curies":[{"name":"wp","href":"https:\/\/api.w.org\/{rel}","templated":true}]}}