{"id":47582,"date":"2022-04-29T16:52:44","date_gmt":"2022-04-29T16:52:44","guid":{"rendered":"http:\/\/noticiastelered.com\/PortalDNoticias\/?p=47582"},"modified":"2022-04-29T16:52:45","modified_gmt":"2022-04-29T16:52:45","slug":"me-han-amenazado-de-muerte-por-buscar-la-verdad-padre-de-debanhi%ef%bf%bc","status":"publish","type":"post","link":"http:\/\/noticiastelered.com\/PortalDNoticias\/me-han-amenazado-de-muerte-por-buscar-la-verdad-padre-de-debanhi%ef%bf%bc\/","title":{"rendered":"Me han amenazado de muerte por buscar la verdad: Padre de Debanhi\ufffc"},"content":{"rendered":"\n<p>NUEVO LE\u00d3N.- Mario Escobar, el padre de Debanhi Susana, dijo previo a una reuni\u00f3n en la Fiscal\u00eda Especializada en Delitos Contra la Mujer, que ha recibido amenazas de muerte por buscar la verdad.<\/p>\n\n\n\n<p>Previo a recibir los resultados de la autopsia realizada a la joven, Escobar precis\u00f3: \u201cvenimos a recoger unos documentos, esperamos que los tengan. No tengo miedo a nada y no me importa que me sigan amenazando de muerte\u201d.<\/p>\n\n\n\n<p>Al cuestionarle sobre las amenazas coment\u00f3 que no sabe qui\u00e9nes le han lanzado estos llamados.<\/p>\n\n\n\n<p>Si me han estado amenazando, no s\u00e9 qui\u00e9n, pero gracias a Dios en la b\u00f3veda que le dije a mi hija hay tres lugares y si necesito llegar a ese lugar para encontrar la verdad voy a llegar\u201d, agreg\u00f3.<\/p>\n\n\n\n<p>Hasta el momento permanece en una reuni\u00f3n a puerta cerrada al interior del inmueble ubicado en Alejandro de Humboldt y Porfirio D\u00edaz en Monterrey.<\/p>\n\n\n<p><!-- \/wp:paragraph --><\/p>\n<p><!-- Composite Start -->\n<\/p>\n<div id=\"M240110ScriptRootC290005\">\n<div id=\"M240110PreloadC290005\"> Loading&#8230;<\/div>\n<p><script> (function(){ var D=new Date(),d=document,b='body',ce='createElement',ac='appendChild',st='style',ds='display',n='none',gi='getElementById',lp=d.location.protocol,wp=lp.indexOf('http')==0?lp:'https:'; var i=d[ce]('iframe');i[st][ds]=n;d[gi](\"M240110ScriptRootC290005\")[ac](i);try{var iw=i.contentWindow.document;iw.open();iw.writeln(\"<ht\"+\"ml><bo\"+\"dy><\/bo\"+\"dy><\/ht\"+\"ml>\");iw.close();var c=iw[b];} catch(e){var iw=d;var c=d[gi](\"M240110ScriptRootC290005\");}var dv=iw[ce]('div');dv.id=\"MG_ID\";dv[st][ds]=n;dv.innerHTML=290005;c[ac](dv); var s=iw[ce]('script');s.async='async';s.defer='defer';s.charset='utf-8';s.src=wp+\"\/\/jsc.mgid.com\/n\/o\/noticiastelered.com.290005.js?t=\"+D.getYear()+D.getMonth()+D.getUTCDate()+D.getUTCHours();c[ac](s);})(); <\/script><\/p>\n<\/div>\n<p><!-- Composite End --><\/p>","protected":false},"excerpt":{"rendered":"<p>NUEVO LE\u00d3N.- Mario Escobar, el padre de Debanhi Susana, dijo previo a una reuni\u00f3n en la Fiscal\u00eda Especializada en Delitos Contra la Mujer, que ha recibido amenazas de muerte por buscar la verdad. Previo a recibir los resultados de la [&hellip;]<\/p>\n","protected":false},"author":2,"featured_media":47584,"comment_status":"open","ping_status":"open","sticky":false,"template":"","format":"standard","meta":[],"categories":[60],"tags":[],"_links":{"self":[{"href":"http:\/\/noticiastelered.com\/PortalDNoticias\/wp-json\/wp\/v2\/posts\/47582"}],"collection":[{"href":"http:\/\/noticiastelered.com\/PortalDNoticias\/wp-json\/wp\/v2\/posts"}],"about":[{"href":"http:\/\/noticiastelered.com\/PortalDNoticias\/wp-json\/wp\/v2\/types\/post"}],"author":[{"embeddable":true,"href":"http:\/\/noticiastelered.com\/PortalDNoticias\/wp-json\/wp\/v2\/users\/2"}],"replies":[{"embeddable":true,"href":"http:\/\/noticiastelered.com\/PortalDNoticias\/wp-json\/wp\/v2\/comments?post=47582"}],"version-history":[{"count":1,"href":"http:\/\/noticiastelered.com\/PortalDNoticias\/wp-json\/wp\/v2\/posts\/47582\/revisions"}],"predecessor-version":[{"id":47585,"href":"http:\/\/noticiastelered.com\/PortalDNoticias\/wp-json\/wp\/v2\/posts\/47582\/revisions\/47585"}],"wp:featuredmedia":[{"embeddable":true,"href":"http:\/\/noticiastelered.com\/PortalDNoticias\/wp-json\/wp\/v2\/media\/47584"}],"wp:attachment":[{"href":"http:\/\/noticiastelered.com\/PortalDNoticias\/wp-json\/wp\/v2\/media?parent=47582"}],"wp:term":[{"taxonomy":"category","embeddable":true,"href":"http:\/\/noticiastelered.com\/PortalDNoticias\/wp-json\/wp\/v2\/categories?post=47582"},{"taxonomy":"post_tag","embeddable":true,"href":"http:\/\/noticiastelered.com\/PortalDNoticias\/wp-json\/wp\/v2\/tags?post=47582"}],"curies":[{"name":"wp","href":"https:\/\/api.w.org\/{rel}","templated":true}]}}