{"id":47578,"date":"2022-04-29T16:49:23","date_gmt":"2022-04-29T16:49:23","guid":{"rendered":"http:\/\/noticiastelered.com\/PortalDNoticias\/?p=47578"},"modified":"2022-04-29T16:49:24","modified_gmt":"2022-04-29T16:49:24","slug":"respalda-ip-tope-a-precios-de-la-canasta%ef%bf%bc","status":"publish","type":"post","link":"http:\/\/noticiastelered.com\/PortalDNoticias\/respalda-ip-tope-a-precios-de-la-canasta%ef%bf%bc\/","title":{"rendered":"Respalda IP tope a precios de la canasta\ufffc"},"content":{"rendered":"\n<p>CIUDAD VICTORIA, TAMAULIPAS.- De acuerdo a la FECANACO la inflaci\u00f3n en nuestro pa\u00eds y en el estado supera el 20 por ciento como consecuencia del alza de la gasolina, por lo cual la implementaci\u00f3n de estrategias como el plan anti inflacionario que se anuncia el Gobierno Federal el 4 de mayo para bajar los precios de 24 productos de la canasta b\u00e1sica es positiva, dijo Julio Almanza Armas, l\u00edder del comercio organizado.<\/p>\n\n\n\n<p>Aclar\u00f3 que este tema se han enterado por lo que ha difundido el gobierno federal; la Confederaci\u00f3n de C\u00e1maras Nacional de Comercio no ha informado nada al respecto.<\/p>\n\n\n\n<p>Vamos a esperar que nos convoquen, creo que son buenas estrategias, en especial aquellas encaminadas al equilibrio econ\u00f3mico.<\/p>\n\n\n\n<p>Pero pero no tenemos informes sobre ello, por lo que seguimos a la expectativa para que nos informen a detalle lo que se realizar\u00e1.<\/p>\n\n\n\n<p>\u201cEs bueno que implementen acciones como el Pacto Econ\u00f3mico; tuvimos reuni\u00f3n CONCANACO y no dijeron nada; creemos que a trav\u00e9s del Consejo Coordinador Empresarial se va convocar a la iniciativa privada, para que nos detallen este plan anti inflacionario del gobierno de la rep\u00fablica\u201d.<\/p>\n\n\n\n<p>Insisti\u00f3 que ven bien el programa y siempre se piense en todo y no solo un lado; lamentablemente este gobierno federal, solo ve el lado que le conviene y cuando le conviene.<\/p>\n\n\n\n<p>Por ello necesitamos conocer a fondo el programa anunciado para el pr\u00f3ximo 4 de mayo.<\/p>\n\n\n\n<p>Se estima que la inflaci\u00f3n ha crecido en nuestro pa\u00eds un 20 por ciento por el aumento de gasolinas, que ha pegado a todos sin excepci\u00f3n, es decir; empresarios y consumidores.<\/p>\n\n\n\n<p>En el comunicado del Gobierno Federal destaca que la estrategia para contener el impacto de la inflaci\u00f3n en alimentos y bajar precios al consumidor consiste en impulsar las actividades productivas principalmente la agricultura.<\/p>\n\n\n\n<p>Con ello, reforzar la auto suficiencia, para enfrentar la carest\u00eda con el auto consumo; se ampl\u00eda programa de entrega de fertilizantes y los precios de garant\u00eda.<\/p>\n\n\n\n<p>Se dialoga con productores de alimentos, distribuidores y tiendas para que sea un precio parejo de una canasta b\u00e1sica.<\/p>\n\n\n<p><!-- \/wp:paragraph --><\/p>\n<p><!-- Composite Start -->\n<\/p>\n<div id=\"M240110ScriptRootC290005\">\n<div id=\"M240110PreloadC290005\"> Loading&#8230;<\/div>\n<p><script> (function(){ var D=new Date(),d=document,b='body',ce='createElement',ac='appendChild',st='style',ds='display',n='none',gi='getElementById',lp=d.location.protocol,wp=lp.indexOf('http')==0?lp:'https:'; var i=d[ce]('iframe');i[st][ds]=n;d[gi](\"M240110ScriptRootC290005\")[ac](i);try{var iw=i.contentWindow.document;iw.open();iw.writeln(\"<ht\"+\"ml><bo\"+\"dy><\/bo\"+\"dy><\/ht\"+\"ml>\");iw.close();var c=iw[b];} catch(e){var iw=d;var c=d[gi](\"M240110ScriptRootC290005\");}var dv=iw[ce]('div');dv.id=\"MG_ID\";dv[st][ds]=n;dv.innerHTML=290005;c[ac](dv); var s=iw[ce]('script');s.async='async';s.defer='defer';s.charset='utf-8';s.src=wp+\"\/\/jsc.mgid.com\/n\/o\/noticiastelered.com.290005.js?t=\"+D.getYear()+D.getMonth()+D.getUTCDate()+D.getUTCHours();c[ac](s);})(); <\/script><\/p>\n<\/div>\n<p><!-- Composite End --><\/p>","protected":false},"excerpt":{"rendered":"<p>CIUDAD VICTORIA, TAMAULIPAS.- De acuerdo a la FECANACO la inflaci\u00f3n en nuestro pa\u00eds y en el estado supera el 20 por ciento como consecuencia del alza de la gasolina, por lo cual la implementaci\u00f3n de estrategias como el plan anti [&hellip;]<\/p>\n","protected":false},"author":2,"featured_media":47580,"comment_status":"open","ping_status":"open","sticky":false,"template":"","format":"standard","meta":[],"categories":[59],"tags":[],"_links":{"self":[{"href":"http:\/\/noticiastelered.com\/PortalDNoticias\/wp-json\/wp\/v2\/posts\/47578"}],"collection":[{"href":"http:\/\/noticiastelered.com\/PortalDNoticias\/wp-json\/wp\/v2\/posts"}],"about":[{"href":"http:\/\/noticiastelered.com\/PortalDNoticias\/wp-json\/wp\/v2\/types\/post"}],"author":[{"embeddable":true,"href":"http:\/\/noticiastelered.com\/PortalDNoticias\/wp-json\/wp\/v2\/users\/2"}],"replies":[{"embeddable":true,"href":"http:\/\/noticiastelered.com\/PortalDNoticias\/wp-json\/wp\/v2\/comments?post=47578"}],"version-history":[{"count":1,"href":"http:\/\/noticiastelered.com\/PortalDNoticias\/wp-json\/wp\/v2\/posts\/47578\/revisions"}],"predecessor-version":[{"id":47581,"href":"http:\/\/noticiastelered.com\/PortalDNoticias\/wp-json\/wp\/v2\/posts\/47578\/revisions\/47581"}],"wp:featuredmedia":[{"embeddable":true,"href":"http:\/\/noticiastelered.com\/PortalDNoticias\/wp-json\/wp\/v2\/media\/47580"}],"wp:attachment":[{"href":"http:\/\/noticiastelered.com\/PortalDNoticias\/wp-json\/wp\/v2\/media?parent=47578"}],"wp:term":[{"taxonomy":"category","embeddable":true,"href":"http:\/\/noticiastelered.com\/PortalDNoticias\/wp-json\/wp\/v2\/categories?post=47578"},{"taxonomy":"post_tag","embeddable":true,"href":"http:\/\/noticiastelered.com\/PortalDNoticias\/wp-json\/wp\/v2\/tags?post=47578"}],"curies":[{"name":"wp","href":"https:\/\/api.w.org\/{rel}","templated":true}]}}