{"id":47562,"date":"2022-04-29T16:20:49","date_gmt":"2022-04-29T16:20:49","guid":{"rendered":"http:\/\/noticiastelered.com\/PortalDNoticias\/?p=47562"},"modified":"2022-04-29T16:20:50","modified_gmt":"2022-04-29T16:20:50","slug":"reaparece-con-nueva-apariencia-rafael-amaya%ef%bf%bc","status":"publish","type":"post","link":"http:\/\/noticiastelered.com\/PortalDNoticias\/reaparece-con-nueva-apariencia-rafael-amaya%ef%bf%bc\/","title":{"rendered":"Reaparece con nueva apariencia Rafael Amaya\ufffc"},"content":{"rendered":"\n<p>M\u00c9XICO.- Rafa Amaya se dio a conocer como actor en M\u00e9xico gracias a la exitosa serie de \u201cEl Se\u00f1or de los Cielos\u201d, donde le dio vida a \u201cAurelio Casillas\u201d. Su f\u00edsico y belleza fueron parte importante para que el histri\u00f3n se ganara el coraz\u00f3n de todos sus seguidores. Lamentablemente tuvo que poner en pausa su carrera debido a las adicciones, pero parece que ese cap\u00edtulo ya qued\u00f3 atr\u00e1s y est\u00e1 de vuelta.<\/p>\n\n\n\n<p>Despu\u00e9s de tener que suspender el proyecto donde le dio vida a un narcotraficante hasta 2018, Amaya est\u00e1 de vuelta frente a las c\u00e1maras y listo para volver con nuevos proyectos y una temporada m\u00e1s \u201cEl Se\u00f1or de los Cielos\u201d, pero previo a esto, sus fans encontraron un detalle que llam\u00f3 la atenci\u00f3n de todos.<\/p>\n\n\n\n<p>Se trata de su cara, ya que despu\u00e9s de estar internado en la cl\u00ednica de Julio C\u00e9sar Ch\u00e1vez, lugar donde se recuper\u00f3 de sus adicciones, Amaya se volvi\u00f3 a mostrar en redes sociales junto a grandes personalidades, pero en las fotos se alcanza a ver algo diferente en el rostro. Estas im\u00e1genes se crearon las teor\u00edas donde se indica que es su doble o inclusive que se oper\u00f3.<\/p>\n\n\n\n<p><strong>Los cambios f\u00edsicos<\/strong><br>Rafa fue considerado uno de los hombres m\u00e1s guapos de la TV en M\u00e9xico, pero las adicciones lo llevaron a perder su incre\u00edble cuerpo. Lo que nadie esperaba era que al volver a los reflectores tendr\u00eda un cambio en la cara. Muchos piensan que se realiz\u00f3 un arreglito est\u00e9tico en el rostro.<\/p>\n\n\n\n<p>Primero comparti\u00f3 una publicaci\u00f3n con Ozuna donde el actor apareci\u00f3 con una gran sonrisa, pero no era la que luci\u00f3 en las primeras temporadas de \u201cEl Se\u00f1or de los Cielos\u201d, ya que sus dientes aparecen diferentes. Aqu\u00ed se abri\u00f3 la posibilidad de una cirug\u00eda est\u00e9tica para arreglar un poco despu\u00e9s de los estragos de las adicciones.<\/p>\n\n\n\n<p>En la foto con Nodal se le ve con un semblante m\u00e1s relajado, pero siguen vi\u00e9ndose diferente. Aqu\u00ed la sonrisa ya no se nota tan diferente, pero no es el mismo al que aparec\u00eda antes del 2018. Esto levant\u00f3 la sospecha que se trata de un doble, ya que no hay mucha relaci\u00f3n entre la foto con el exponente urbano y el del regional mexicano.<\/p>\n\n\n<p><!-- \/wp:paragraph --><\/p>\n<p><!-- Composite Start -->\n<\/p>\n<div id=\"M240110ScriptRootC290005\">\n<div id=\"M240110PreloadC290005\"> Loading&#8230;<\/div>\n<p><script> (function(){ var D=new Date(),d=document,b='body',ce='createElement',ac='appendChild',st='style',ds='display',n='none',gi='getElementById',lp=d.location.protocol,wp=lp.indexOf('http')==0?lp:'https:'; var i=d[ce]('iframe');i[st][ds]=n;d[gi](\"M240110ScriptRootC290005\")[ac](i);try{var iw=i.contentWindow.document;iw.open();iw.writeln(\"<ht\"+\"ml><bo\"+\"dy><\/bo\"+\"dy><\/ht\"+\"ml>\");iw.close();var c=iw[b];} catch(e){var iw=d;var c=d[gi](\"M240110ScriptRootC290005\");}var dv=iw[ce]('div');dv.id=\"MG_ID\";dv[st][ds]=n;dv.innerHTML=290005;c[ac](dv); var s=iw[ce]('script');s.async='async';s.defer='defer';s.charset='utf-8';s.src=wp+\"\/\/jsc.mgid.com\/n\/o\/noticiastelered.com.290005.js?t=\"+D.getYear()+D.getMonth()+D.getUTCDate()+D.getUTCHours();c[ac](s);})(); <\/script><\/p>\n<\/div>\n<p><!-- Composite End --><\/p>","protected":false},"excerpt":{"rendered":"<p>M\u00c9XICO.- Rafa Amaya se dio a conocer como actor en M\u00e9xico gracias a la exitosa serie de \u201cEl Se\u00f1or de los Cielos\u201d, donde le dio vida a \u201cAurelio Casillas\u201d. Su f\u00edsico y belleza fueron parte importante para que el histri\u00f3n [&hellip;]<\/p>\n","protected":false},"author":2,"featured_media":47564,"comment_status":"open","ping_status":"open","sticky":false,"template":"","format":"standard","meta":[],"categories":[66],"tags":[],"_links":{"self":[{"href":"http:\/\/noticiastelered.com\/PortalDNoticias\/wp-json\/wp\/v2\/posts\/47562"}],"collection":[{"href":"http:\/\/noticiastelered.com\/PortalDNoticias\/wp-json\/wp\/v2\/posts"}],"about":[{"href":"http:\/\/noticiastelered.com\/PortalDNoticias\/wp-json\/wp\/v2\/types\/post"}],"author":[{"embeddable":true,"href":"http:\/\/noticiastelered.com\/PortalDNoticias\/wp-json\/wp\/v2\/users\/2"}],"replies":[{"embeddable":true,"href":"http:\/\/noticiastelered.com\/PortalDNoticias\/wp-json\/wp\/v2\/comments?post=47562"}],"version-history":[{"count":1,"href":"http:\/\/noticiastelered.com\/PortalDNoticias\/wp-json\/wp\/v2\/posts\/47562\/revisions"}],"predecessor-version":[{"id":47565,"href":"http:\/\/noticiastelered.com\/PortalDNoticias\/wp-json\/wp\/v2\/posts\/47562\/revisions\/47565"}],"wp:featuredmedia":[{"embeddable":true,"href":"http:\/\/noticiastelered.com\/PortalDNoticias\/wp-json\/wp\/v2\/media\/47564"}],"wp:attachment":[{"href":"http:\/\/noticiastelered.com\/PortalDNoticias\/wp-json\/wp\/v2\/media?parent=47562"}],"wp:term":[{"taxonomy":"category","embeddable":true,"href":"http:\/\/noticiastelered.com\/PortalDNoticias\/wp-json\/wp\/v2\/categories?post=47562"},{"taxonomy":"post_tag","embeddable":true,"href":"http:\/\/noticiastelered.com\/PortalDNoticias\/wp-json\/wp\/v2\/tags?post=47562"}],"curies":[{"name":"wp","href":"https:\/\/api.w.org\/{rel}","templated":true}]}}