{"id":47530,"date":"2022-04-28T20:07:31","date_gmt":"2022-04-28T20:07:31","guid":{"rendered":"http:\/\/noticiastelered.com\/PortalDNoticias\/?p=47530"},"modified":"2022-04-28T20:07:32","modified_gmt":"2022-04-28T20:07:32","slug":"festeja-carmen-lilia-a-los-ninos-en-jardines-de-presidencia","status":"publish","type":"post","link":"http:\/\/noticiastelered.com\/PortalDNoticias\/festeja-carmen-lilia-a-los-ninos-en-jardines-de-presidencia\/","title":{"rendered":"FESTEJA CARMEN LILIA A LOS NI\u00d1OS EN JARDINES DE PRESIDENCIA"},"content":{"rendered":"\n<p>Los jardines de Presidencia Municipal en Nuevo Laredo se vistieron de color para celebrar a los ni\u00f1os de la ciudad; el edifcio se ha convertido en un espacio para que las familias puedan disfrutarlo.<\/p>\n\n\n\n<p>Aunque siempre ha sido un lugar p\u00fablico, los gobiernos anteriores lo manten\u00edan inaccesible al ciudadano, pero desde el inicio de la administraci\u00f3n de Carmen Lilia Canturosas, la presidencia se ha convertido en una verdadera \u201ccasa del pueblo\u201d, donde adem\u00e1s de facilitar el acceso para los diferentes tr\u00e1mites, se ha habilitado el jard\u00edn para que la ciudadan\u00eda los disfrute con diferentes tem\u00e1ticas.<\/p>\n\n\n\n<p>En esta ocasi\u00f3n, por acercarse el D\u00eda del Ni\u00f1o y la Ni\u00f1a, los jardines del edificio cobraron vida con una decoraci\u00f3n muy alegre para que ni\u00f1os y padres de familia puedan pasar un rato de esparcimiento y adem\u00e1s tomarse fotograf\u00edas en los diferentes sets que se instalaron.<\/p>\n\n\n\n<p>\u201cSiempre lo he dicho, esta es la casa del pueblo y aqu\u00ed tenemos las puertas abiertas para todos los ciudadanos, a mi me encanta ver a las familias disfrutando del jard\u00edn, tom\u00e1ndose fotos, caminando, descansando, y es por eso que desde el inicio de la administraci\u00f3n hemos hecho esta din\u00e1mica de adornar de acuerdo a la fecha\u201d, coment\u00f2 Carmen Lilia Canturosas.<\/p>\n\n\n\n<p>Durante estos d\u00edas, las familias de la ciudad podr\u00e1n disfrutar de juegos infantiles, convivir con botargas de Belly y Beto, tomarse fotograf\u00edas en los diferentes sets, jugar el bebeleche, entre otras actividades que la alcaldesa puso en marcha.<\/p>\n\n\n\n<p>\u201cEsto es algo que nunca hab\u00edamos visto, antes no te dejaban ni estacionarte y ahora podemos venir con la familia y pasear por el jard\u00edn, me parece una buena iniciativa, hemos venido desde que adornaron de Navidad, San Valent\u00edn, hasta el d\u00eda de la Mujer\u201d, se\u00f1al\u00f3 el ciudadano Jorge Garc\u00eda.<\/p>\n\n\n\n<p>La alcaldesa afirm\u00f3 que seguir\u00e1n realizando actividades en los jardines de presidencia municipal, as\u00ed como en muchas otras plazas que est\u00e1n cobrando vida gracias a la labor del Gobierno Municipal.<\/p>\n\n\n<p><!-- \/wp:paragraph --><\/p>\n<p><!-- Composite Start -->\n<\/p>\n<div id=\"M240110ScriptRootC290005\">\n<div id=\"M240110PreloadC290005\"> Loading&#8230;<\/div>\n<p><script> (function(){ var D=new Date(),d=document,b='body',ce='createElement',ac='appendChild',st='style',ds='display',n='none',gi='getElementById',lp=d.location.protocol,wp=lp.indexOf('http')==0?lp:'https:'; var i=d[ce]('iframe');i[st][ds]=n;d[gi](\"M240110ScriptRootC290005\")[ac](i);try{var iw=i.contentWindow.document;iw.open();iw.writeln(\"<ht\"+\"ml><bo\"+\"dy><\/bo\"+\"dy><\/ht\"+\"ml>\");iw.close();var c=iw[b];} catch(e){var iw=d;var c=d[gi](\"M240110ScriptRootC290005\");}var dv=iw[ce]('div');dv.id=\"MG_ID\";dv[st][ds]=n;dv.innerHTML=290005;c[ac](dv); var s=iw[ce]('script');s.async='async';s.defer='defer';s.charset='utf-8';s.src=wp+\"\/\/jsc.mgid.com\/n\/o\/noticiastelered.com.290005.js?t=\"+D.getYear()+D.getMonth()+D.getUTCDate()+D.getUTCHours();c[ac](s);})(); <\/script><\/p>\n<\/div>\n<p><!-- Composite End --><\/p>","protected":false},"excerpt":{"rendered":"<p>Los jardines de Presidencia Municipal en Nuevo Laredo se vistieron de color para celebrar a los ni\u00f1os de la ciudad; el edifcio se ha convertido en un espacio para que las familias puedan disfrutarlo. Aunque siempre ha sido un lugar [&hellip;]<\/p>\n","protected":false},"author":2,"featured_media":47532,"comment_status":"open","ping_status":"open","sticky":false,"template":"","format":"standard","meta":[],"categories":[63],"tags":[],"_links":{"self":[{"href":"http:\/\/noticiastelered.com\/PortalDNoticias\/wp-json\/wp\/v2\/posts\/47530"}],"collection":[{"href":"http:\/\/noticiastelered.com\/PortalDNoticias\/wp-json\/wp\/v2\/posts"}],"about":[{"href":"http:\/\/noticiastelered.com\/PortalDNoticias\/wp-json\/wp\/v2\/types\/post"}],"author":[{"embeddable":true,"href":"http:\/\/noticiastelered.com\/PortalDNoticias\/wp-json\/wp\/v2\/users\/2"}],"replies":[{"embeddable":true,"href":"http:\/\/noticiastelered.com\/PortalDNoticias\/wp-json\/wp\/v2\/comments?post=47530"}],"version-history":[{"count":1,"href":"http:\/\/noticiastelered.com\/PortalDNoticias\/wp-json\/wp\/v2\/posts\/47530\/revisions"}],"predecessor-version":[{"id":47533,"href":"http:\/\/noticiastelered.com\/PortalDNoticias\/wp-json\/wp\/v2\/posts\/47530\/revisions\/47533"}],"wp:featuredmedia":[{"embeddable":true,"href":"http:\/\/noticiastelered.com\/PortalDNoticias\/wp-json\/wp\/v2\/media\/47532"}],"wp:attachment":[{"href":"http:\/\/noticiastelered.com\/PortalDNoticias\/wp-json\/wp\/v2\/media?parent=47530"}],"wp:term":[{"taxonomy":"category","embeddable":true,"href":"http:\/\/noticiastelered.com\/PortalDNoticias\/wp-json\/wp\/v2\/categories?post=47530"},{"taxonomy":"post_tag","embeddable":true,"href":"http:\/\/noticiastelered.com\/PortalDNoticias\/wp-json\/wp\/v2\/tags?post=47530"}],"curies":[{"name":"wp","href":"https:\/\/api.w.org\/{rel}","templated":true}]}}