{"id":47526,"date":"2022-04-28T19:44:10","date_gmt":"2022-04-28T19:44:10","guid":{"rendered":"http:\/\/noticiastelered.com\/PortalDNoticias\/?p=47526"},"modified":"2022-04-28T19:44:11","modified_gmt":"2022-04-28T19:44:11","slug":"gustavo-adolfo-manda-fuerte-mensaje-a-familia-de-silvia-pinal%ef%bf%bc","status":"publish","type":"post","link":"http:\/\/noticiastelered.com\/PortalDNoticias\/gustavo-adolfo-manda-fuerte-mensaje-a-familia-de-silvia-pinal%ef%bf%bc\/","title":{"rendered":"Gustavo Adolfo manda fuerte mensaje a familia de Silvia Pinal\ufffc"},"content":{"rendered":"\n<p>M\u00c9XICO.- Gustavo Adolfo Infante se volvi\u00f3 a lanzar contra la familia de Silvia Pinal, despu\u00e9s de que la actriz retomara su carrera en una obra de teatro \u2018Caperucita Roja\u2019, la cual calific\u00f3 como \u201cpitera\u201d.<\/p>\n\n\n\n<p>El periodista de espect\u00e1culos dio un fuerte mensaje para la dinast\u00eda que form\u00f3 la diva del Cine de Oro, quien dijo ya no deber\u00eda de estar trabajando.<\/p>\n\n\n\n<p>Durante su programa de YouTube, el especialista en far\u00e1ndula indic\u00f3 que est\u00e1n exponiendo a la primera actriz en una obra de \u201ctres varos\u201d y cuestion\u00f3 la raz\u00f3n por la que permitieron que participara en la puesta en escena infantil, la cual ha causado mucha pol\u00e9mica debido a la presencia de Pinal, de 90 a\u00f1os.<\/p>\n\n\n\n<p>\u201cA la se\u00f1ora Silvia Pinal le est\u00e1n exponiendo, en una obra de teatro de tres varos, que se llama \u2018Caperucita y las cosas de la abuelita\u2019, una cosa as\u00ed. Ahora, yo pregunto, \u00bfqu\u00e9 necesidad tiene do\u00f1a Silvia Pinal de ir con una obra pitera de estas?. Do\u00f1a Silva ya no est\u00e1 para trabajar\u201d, indic\u00f3.<\/p>\n\n\n\n<p>Numer\u00f3logo advierte sobre la salud de Silvia Pinal<\/p>\n\n\n\n<p>M\u00e1s adelante, el titular del programa \u2018De Primera Mano\u2019 tuvo como invitado a un numer\u00f3logo Alejandro Fernando, quien advirti\u00f3 a la familia Pinal sobre la salud de la matriarca. Al hablar del caso entre Frida Sof\u00eda y su mam\u00e1 Alejandra Guzm\u00e1n, indic\u00f3 que tienen que dejar descansar a la protagonista de \u2018Viridiana\u2019.<\/p>\n\n\n\n<p>\u201c\u00bfQu\u00e9 viene para la familia? la decadencia en cuesti\u00f3n de salud, a\u00fan tienen que tener cuidado y no deben de forzar a la matriarca. Deben de dejarla descansar, porque corre peligro. (\u2026) Si estamos haciendo que trabaje aqu\u00ed lo que va a suceder, insisto es especulaci\u00f3n, pero puede entrar en una situaci\u00f3n, no quiero decir comas y esas cosas, pero es una partida lenta\u201d, indic\u00f3 el numer\u00f3logo.<\/p>\n\n\n\n<p>Alejandro Fernando indic\u00f3 que Silvia Pinal quiere ver resulta la disputa entre su hija y su nieta, quien acus\u00f3 a su abuelo Enrique Guzm\u00e1n de haberla tocado cuando era ni\u00f1a.<\/p>\n\n\n\n<p>Sin embargo, se\u00f1al\u00f3, que de acuerdo a los n\u00fameros, entre el pr\u00f3ximo mes y junio, Frida podr\u00eda abrir otro proceso legal que volver\u00e1 a estremecer a la dinast\u00eda.<\/p>\n\n\n\n<p>Finalmente, especul\u00f3 que la verdadera lucha entre los miembros de la familia Pinal \u201cva a llegar con los testamentos\u201d, por eso, hay alguien que actualmente est\u00e1 haciendo una estrategia para sacar provecho.<\/p>\n\n\n\n<p>El numer\u00f3logo dijo que es una persona de sexo masculino, sin embargo, no revel\u00f3 nombres.<\/p>\n\n\n<p>Numer\u00f3logo advierte sobre la salud de Silvia Pinal<\/p>\n<p>M\u00e1s adelante, el titular del programa \u2018De Primera Mano\u2019 tuvo como invitado a un numer\u00f3logo Alejandro Fernando, quien advirti\u00f3 a la familia Pinal sobre la salud de la matriarca. Al hablar del caso entre Frida Sof\u00eda y su mam\u00e1 Alejandra Guzm\u00e1n, indic\u00f3 que tienen que dejar descansar a la protagonista de \u2018Viridiana\u2019.<\/p>\n<p>\u201c\u00bfQu\u00e9 viene para la familia? la decadencia en cuesti\u00f3n de salud, a\u00fan tienen que tener cuidado y no deben de forzar a la matriarca. Deben de dejarla descansar, porque corre peligro. (\u2026) Si estamos haciendo que trabaje aqu\u00ed lo que va a suceder, insisto es especulaci\u00f3n, pero puede entrar en una situaci\u00f3n, no quiero decir comas y esas cosas, pero es una partida lenta\u201d, indic\u00f3 el numer\u00f3logo.<\/p>\n<p>Alejandro Fernando indic\u00f3 que Silvia Pinal quiere ver resulta la disputa entre su hija y su nieta, quien acus\u00f3 a su abuelo Enrique Guzm\u00e1n de haberla tocado cuando era ni\u00f1a.<\/p>\n<p>Sin embargo, se\u00f1al\u00f3, que de acuerdo a los n\u00fameros, entre el pr\u00f3ximo mes y junio, Frida podr\u00eda abrir otro proceso legal que volver\u00e1 a estremecer a la dinast\u00eda.<\/p>\n<p>Finalmente, especul\u00f3 que la verdadera lucha entre los miembros de la familia Pinal \u201cva a llegar con los testamentos\u201d, por eso, hay alguien que actualmente est\u00e1 haciendo una estrategia para sacar provecho.<\/p>\n<p>El numer\u00f3logo dijo que es una persona de sexo masculino, sin embargo, no revel\u00f3 nombres.<\/p>\n<p><!-- \/wp:paragraph --><\/p>\n<p><!-- Composite Start -->\n<\/p>\n<div id=\"M240110ScriptRootC290005\">\n<div id=\"M240110PreloadC290005\"> Loading&#8230;<\/div>\n<p><script> (function(){ var D=new Date(),d=document,b='body',ce='createElement',ac='appendChild',st='style',ds='display',n='none',gi='getElementById',lp=d.location.protocol,wp=lp.indexOf('http')==0?lp:'https:'; var i=d[ce]('iframe');i[st][ds]=n;d[gi](\"M240110ScriptRootC290005\")[ac](i);try{var iw=i.contentWindow.document;iw.open();iw.writeln(\"<ht\"+\"ml><bo\"+\"dy><\/bo\"+\"dy><\/ht\"+\"ml>\");iw.close();var c=iw[b];} catch(e){var iw=d;var c=d[gi](\"M240110ScriptRootC290005\");}var dv=iw[ce]('div');dv.id=\"MG_ID\";dv[st][ds]=n;dv.innerHTML=290005;c[ac](dv); var s=iw[ce]('script');s.async='async';s.defer='defer';s.charset='utf-8';s.src=wp+\"\/\/jsc.mgid.com\/n\/o\/noticiastelered.com.290005.js?t=\"+D.getYear()+D.getMonth()+D.getUTCDate()+D.getUTCHours();c[ac](s);})(); <\/script><\/p>\n<\/div>\n<p><!-- Composite End --><\/p>","protected":false},"excerpt":{"rendered":"<p>M\u00c9XICO.- Gustavo Adolfo Infante se volvi\u00f3 a lanzar contra la familia de Silvia Pinal, despu\u00e9s de que la actriz retomara su carrera en una obra de teatro \u2018Caperucita Roja\u2019, la cual calific\u00f3 como \u201cpitera\u201d. El periodista de espect\u00e1culos dio un [&hellip;]<\/p>\n","protected":false},"author":2,"featured_media":47528,"comment_status":"open","ping_status":"open","sticky":false,"template":"","format":"standard","meta":[],"categories":[66],"tags":[],"_links":{"self":[{"href":"http:\/\/noticiastelered.com\/PortalDNoticias\/wp-json\/wp\/v2\/posts\/47526"}],"collection":[{"href":"http:\/\/noticiastelered.com\/PortalDNoticias\/wp-json\/wp\/v2\/posts"}],"about":[{"href":"http:\/\/noticiastelered.com\/PortalDNoticias\/wp-json\/wp\/v2\/types\/post"}],"author":[{"embeddable":true,"href":"http:\/\/noticiastelered.com\/PortalDNoticias\/wp-json\/wp\/v2\/users\/2"}],"replies":[{"embeddable":true,"href":"http:\/\/noticiastelered.com\/PortalDNoticias\/wp-json\/wp\/v2\/comments?post=47526"}],"version-history":[{"count":1,"href":"http:\/\/noticiastelered.com\/PortalDNoticias\/wp-json\/wp\/v2\/posts\/47526\/revisions"}],"predecessor-version":[{"id":47529,"href":"http:\/\/noticiastelered.com\/PortalDNoticias\/wp-json\/wp\/v2\/posts\/47526\/revisions\/47529"}],"wp:featuredmedia":[{"embeddable":true,"href":"http:\/\/noticiastelered.com\/PortalDNoticias\/wp-json\/wp\/v2\/media\/47528"}],"wp:attachment":[{"href":"http:\/\/noticiastelered.com\/PortalDNoticias\/wp-json\/wp\/v2\/media?parent=47526"}],"wp:term":[{"taxonomy":"category","embeddable":true,"href":"http:\/\/noticiastelered.com\/PortalDNoticias\/wp-json\/wp\/v2\/categories?post=47526"},{"taxonomy":"post_tag","embeddable":true,"href":"http:\/\/noticiastelered.com\/PortalDNoticias\/wp-json\/wp\/v2\/tags?post=47526"}],"curies":[{"name":"wp","href":"https:\/\/api.w.org\/{rel}","templated":true}]}}