{"id":47503,"date":"2022-04-28T17:42:08","date_gmt":"2022-04-28T17:42:08","guid":{"rendered":"http:\/\/noticiastelered.com\/PortalDNoticias\/?p=47503"},"modified":"2022-04-28T17:42:09","modified_gmt":"2022-04-28T17:42:09","slug":"diputados-discutiran-hoy-la-propuesta-para-eliminar-el-horario-de-verano-%ef%bf%bc","status":"publish","type":"post","link":"http:\/\/noticiastelered.com\/PortalDNoticias\/diputados-discutiran-hoy-la-propuesta-para-eliminar-el-horario-de-verano-%ef%bf%bc\/","title":{"rendered":"Diputados discutir\u00e1n hoy la propuesta para eliminar el horario de verano  \ufffc"},"content":{"rendered":"\n<p>M\u00c9XICO.- La C\u00e1mara de Diputados pospuso para este jueves la discusi\u00f3n y votaci\u00f3n de la iniciativa del diputado del PT, Gerardo Fern\u00e1ndez Noro\u00f1a, para derogar el horario de verano, debido a que las dependencias del gobierno federal consultadas sobre la viabilidad de esa medida no han respondido a los legisladores.<\/p>\n\n\n\n<p>La Mesa Directiva de la C\u00e1mara de Diputados acord\u00f3 diferir el debate para la \u00faltima sesi\u00f3n del periodo de sesiones que se prev\u00e9 concluya este jueves 28 de abril.<\/p>\n\n\n\n<p>El Presidente de la Junta de Coordinaci\u00f3n Pol\u00edtica, Rub\u00e9n Moreira Vald\u00e9s, consider\u00f3 que se debe de hacer una reflexi\u00f3n m\u00e1s profunda sobre este tema para ver qu\u00e9 implicaciones econ\u00f3micas ocasionar\u00eda su derogaci\u00f3n.<\/p>\n\n\n\n<p><strong>\u201cNo nos negamos a esta votaci\u00f3n, es importante que chequemos si llegaron las informaciones de la Secretar\u00eda de Econom\u00eda, de energ\u00eda y de la CFE para tomar esa determinaci\u00f3n. Algunos, en lo particular, simpatizamos con el cambio de horario, pero debemos de ser responsables con los efectos comerciales, con los efectos tur\u00edsticos, con todos los efectos en la movilidad de las personas\u201d.<\/strong><\/p>\n\n\n\n<p>El tambi\u00e9n coordinador del PRI inform\u00f3 que hasta el momento no hay un dictamen de las comisiones respectivas para presentarse al pleno para su discusi\u00f3n y posible derogaci\u00f3n.<\/p>\n\n\n\n<p><strong>\u201cSi Morena quiere dictamen tiene que ponerse a chambear\u201d<\/strong>, indic\u00f3 el tambi\u00e9n coordinador del PRI en la c\u00e1mara baja, quien insisti\u00f3 en que se tienen que ver los pros y los contras de esta medida.<\/p>\n\n\n\n<p>El l\u00edder de los priistas reconoci\u00f3 que hay un amplio sector de la poblaci\u00f3n que est\u00e1 a favor de que se derogue el horario de verano, pero insisti\u00f3 en que se debe tener cuidado con las repercusiones econ\u00f3micas y comerciales.<\/p>\n\n\n\n<p>Por separado, el diputado Gerardo Fern\u00e1ndez Noro\u00f1a se\u00f1al\u00f3 que la posposici\u00f3n responde a la necesidad de hacer<strong>&nbsp;\u201cpeque\u00f1os ajustes\u201d<\/strong>.<\/p>\n","protected":false},"excerpt":{"rendered":"<p>M\u00c9XICO.- La C\u00e1mara de Diputados pospuso para este jueves la discusi\u00f3n y votaci\u00f3n de la iniciativa del diputado del PT, Gerardo Fern\u00e1ndez Noro\u00f1a, para derogar el horario de verano, debido a que las dependencias del gobierno federal consultadas sobre la [&hellip;]<\/p>\n","protected":false},"author":2,"featured_media":47501,"comment_status":"open","ping_status":"open","sticky":false,"template":"","format":"standard","meta":[],"categories":[60],"tags":[],"_links":{"self":[{"href":"http:\/\/noticiastelered.com\/PortalDNoticias\/wp-json\/wp\/v2\/posts\/47503"}],"collection":[{"href":"http:\/\/noticiastelered.com\/PortalDNoticias\/wp-json\/wp\/v2\/posts"}],"about":[{"href":"http:\/\/noticiastelered.com\/PortalDNoticias\/wp-json\/wp\/v2\/types\/post"}],"author":[{"embeddable":true,"href":"http:\/\/noticiastelered.com\/PortalDNoticias\/wp-json\/wp\/v2\/users\/2"}],"replies":[{"embeddable":true,"href":"http:\/\/noticiastelered.com\/PortalDNoticias\/wp-json\/wp\/v2\/comments?post=47503"}],"version-history":[{"count":1,"href":"http:\/\/noticiastelered.com\/PortalDNoticias\/wp-json\/wp\/v2\/posts\/47503\/revisions"}],"predecessor-version":[{"id":47505,"href":"http:\/\/noticiastelered.com\/PortalDNoticias\/wp-json\/wp\/v2\/posts\/47503\/revisions\/47505"}],"wp:featuredmedia":[{"embeddable":true,"href":"http:\/\/noticiastelered.com\/PortalDNoticias\/wp-json\/wp\/v2\/media\/47501"}],"wp:attachment":[{"href":"http:\/\/noticiastelered.com\/PortalDNoticias\/wp-json\/wp\/v2\/media?parent=47503"}],"wp:term":[{"taxonomy":"category","embeddable":true,"href":"http:\/\/noticiastelered.com\/PortalDNoticias\/wp-json\/wp\/v2\/categories?post=47503"},{"taxonomy":"post_tag","embeddable":true,"href":"http:\/\/noticiastelered.com\/PortalDNoticias\/wp-json\/wp\/v2\/tags?post=47503"}],"curies":[{"name":"wp","href":"https:\/\/api.w.org\/{rel}","templated":true}]}}