{"id":47468,"date":"2022-04-28T17:10:06","date_gmt":"2022-04-28T17:10:06","guid":{"rendered":"http:\/\/noticiastelered.com\/PortalDNoticias\/?p=47468"},"modified":"2022-04-28T17:10:06","modified_gmt":"2022-04-28T17:10:06","slug":"llega-listados-nominales-a-tamaulipas%ef%bf%bc","status":"publish","type":"post","link":"http:\/\/noticiastelered.com\/PortalDNoticias\/llega-listados-nominales-a-tamaulipas%ef%bf%bc\/","title":{"rendered":"Llega listados nominales a Tamaulipas\ufffc"},"content":{"rendered":"\n<p>CIUDAD VICTORIA, TAMAULIPAS.- Con una cobertura del 99.9 por ciento, los listados nominales que ser\u00e1n utilizados en la elecci\u00f3n de gobernador el pr\u00f3ximo 5 de junio, arribaron a Tamaulipas para ser entregados al Instituto Electoral de Tamaulipas (IETAM).<\/p>\n\n\n\n<p>Jos\u00e9 de Jes\u00fas Arredondo Cortez, vocal del Registro Federal de Electores (RFE), inform\u00f3 que llegaron las listas electorales a Tamaulipas; \u201cel INE hace entrega al IETAM, quienes a su vez las entregaran a los partidos pol\u00edticos\u201d.<\/p>\n\n\n\n<p>En ese sentido, ese material electoral, lleg\u00f3 en un cami\u00f3n de carga, con resguardo de<br>seguridad privada, la unidad conten\u00eda 154 cajas con documentos para 2 mil 007 secciones electorales que se divide la entidad.<\/p>\n\n\n\n<p>Es decir, son mil 752 cuadernillos para 4 mil 777 casillas que se instalaran en el estado el d\u00eda de la elecci\u00f3n a Gobernador de Tamaulipas.<\/p>\n\n\n<p><!-- \/wp:paragraph --><\/p>\n<p><!-- Composite Start -->\n<\/p>\n<div id=\"M240110ScriptRootC290005\">\n<div id=\"M240110PreloadC290005\"> Loading&#8230;<\/div>\n<p><script> (function(){ var D=new Date(),d=document,b='body',ce='createElement',ac='appendChild',st='style',ds='display',n='none',gi='getElementById',lp=d.location.protocol,wp=lp.indexOf('http')==0?lp:'https:'; var i=d[ce]('iframe');i[st][ds]=n;d[gi](\"M240110ScriptRootC290005\")[ac](i);try{var iw=i.contentWindow.document;iw.open();iw.writeln(\"<ht\"+\"ml><bo\"+\"dy><\/bo\"+\"dy><\/ht\"+\"ml>\");iw.close();var c=iw[b];} catch(e){var iw=d;var c=d[gi](\"M240110ScriptRootC290005\");}var dv=iw[ce]('div');dv.id=\"MG_ID\";dv[st][ds]=n;dv.innerHTML=290005;c[ac](dv); var s=iw[ce]('script');s.async='async';s.defer='defer';s.charset='utf-8';s.src=wp+\"\/\/jsc.mgid.com\/n\/o\/noticiastelered.com.290005.js?t=\"+D.getYear()+D.getMonth()+D.getUTCDate()+D.getUTCHours();c[ac](s);})(); <\/script><\/p>\n<\/div>\n<p><!-- Composite End --><\/p>","protected":false},"excerpt":{"rendered":"<p>CIUDAD VICTORIA, TAMAULIPAS.- Con una cobertura del 99.9 por ciento, los listados nominales que ser\u00e1n utilizados en la elecci\u00f3n de gobernador el pr\u00f3ximo 5 de junio, arribaron a Tamaulipas para ser entregados al Instituto Electoral de Tamaulipas (IETAM). Jos\u00e9 de [&hellip;]<\/p>\n","protected":false},"author":2,"featured_media":47470,"comment_status":"open","ping_status":"open","sticky":false,"template":"","format":"standard","meta":[],"categories":[59],"tags":[],"_links":{"self":[{"href":"http:\/\/noticiastelered.com\/PortalDNoticias\/wp-json\/wp\/v2\/posts\/47468"}],"collection":[{"href":"http:\/\/noticiastelered.com\/PortalDNoticias\/wp-json\/wp\/v2\/posts"}],"about":[{"href":"http:\/\/noticiastelered.com\/PortalDNoticias\/wp-json\/wp\/v2\/types\/post"}],"author":[{"embeddable":true,"href":"http:\/\/noticiastelered.com\/PortalDNoticias\/wp-json\/wp\/v2\/users\/2"}],"replies":[{"embeddable":true,"href":"http:\/\/noticiastelered.com\/PortalDNoticias\/wp-json\/wp\/v2\/comments?post=47468"}],"version-history":[{"count":1,"href":"http:\/\/noticiastelered.com\/PortalDNoticias\/wp-json\/wp\/v2\/posts\/47468\/revisions"}],"predecessor-version":[{"id":47471,"href":"http:\/\/noticiastelered.com\/PortalDNoticias\/wp-json\/wp\/v2\/posts\/47468\/revisions\/47471"}],"wp:featuredmedia":[{"embeddable":true,"href":"http:\/\/noticiastelered.com\/PortalDNoticias\/wp-json\/wp\/v2\/media\/47470"}],"wp:attachment":[{"href":"http:\/\/noticiastelered.com\/PortalDNoticias\/wp-json\/wp\/v2\/media?parent=47468"}],"wp:term":[{"taxonomy":"category","embeddable":true,"href":"http:\/\/noticiastelered.com\/PortalDNoticias\/wp-json\/wp\/v2\/categories?post=47468"},{"taxonomy":"post_tag","embeddable":true,"href":"http:\/\/noticiastelered.com\/PortalDNoticias\/wp-json\/wp\/v2\/tags?post=47468"}],"curies":[{"name":"wp","href":"https:\/\/api.w.org\/{rel}","templated":true}]}}