{"id":47460,"date":"2022-04-28T15:41:06","date_gmt":"2022-04-28T15:41:06","guid":{"rendered":"http:\/\/noticiastelered.com\/PortalDNoticias\/?p=47460"},"modified":"2022-04-28T15:41:06","modified_gmt":"2022-04-28T15:41:06","slug":"se-unen-lideres-nacionales-del-pan-en-apoyo-al-truko","status":"publish","type":"post","link":"http:\/\/noticiastelered.com\/PortalDNoticias\/se-unen-lideres-nacionales-del-pan-en-apoyo-al-truko\/","title":{"rendered":"Se unen l\u00edderes nacionales del PAN en apoyo al \u201cTruko\u201d"},"content":{"rendered":"\n<p>Reynosa, Tam.- El factor de unidad y la voz de victoria que representa el candidato C\u00e9sar Truko Ver\u00e1stegui, ha permitido que el Comit\u00e9 Ejecutivo Nacional del Partido Acci\u00f3n Nacional tomara como marco de la Plenaria Nacional de su partido, a Tamaulipas; que ya se suma como estado ganador del proceso electoral para la gubernatura, de la coalici\u00f3n PAN-PRI-PRD.<\/p>\n\n\n\n<p>En la sesi\u00f3n realizada en la Ciudad de Reynosa , se llev\u00f3 a cabo una rueda de prensa, donde estuvo presente el candidato de la alianza Va Por Tamaulipas, C\u00e9sar Truko Ver\u00e1stegui, quien tuvo oportunidad de hacer uso del micr\u00f3fono para agradecer el apoyo y respaldo de todos los tamaulipecos que se est\u00e1n sumando a \u00e9ste proyecto.<\/p>\n\n\n\n<p>En este contexto, Truko Ver\u00e1stegui ahond\u00f3 m\u00e1s en su persona y destac\u00f3 que la sociedad necesita de resultados y soluciones, por lo que su experiencia, conocimiento y el ser una persona que habla claro a la gente es lo que le ha permitido la confianza de la gente.<\/p>\n\n\n\n<p>Por su parte, el Presidente Nacional del PAN, Marko Cort\u00e9s Mendoza dio la bienvenida a todos los presidentes estatales de su partido y los secretarios generales, que atendieron la convocatoria para dar el espaldarazo y la felicitaci\u00f3n al Truko, por el excelente trabajo que est\u00e1 realizando en su campa\u00f1a como Candidato a Gobernador por el PAN y la alianza con el PRI y el PRD.<\/p>\n\n\n\n<p>\u201cAqu\u00ed estamos mi querido Truko, dirigentes de todo el pa\u00eds que se desplazaron de sus estados para hoy darte espaldarazo, para felicitarte por tu triunfo contundente en el reciente debate donde pusiste a Am\u00e9rico Villareal en su lugar. Felicidades amigo porque demostraste capacidad, conocimiento y fuerza para poder gobernar este estado. Porque adem\u00e1s demostraste sensibilidad\u201d agreg\u00f3 el dirigente nacional.<\/p>\n\n\n\n<p>Posteriormente el candidato acudi\u00f3 a eventos con los trabajadores de educaci\u00f3n y con la estructura pol\u00edtica.<\/p>\n\n\n<p><!-- \/wp:paragraph --><\/p>\n<p><!-- Composite Start -->\n<\/p>\n<div id=\"M240110ScriptRootC290005\">\n<div id=\"M240110PreloadC290005\"> Loading&#8230;<\/div>\n<p><script> (function(){ var D=new Date(),d=document,b='body',ce='createElement',ac='appendChild',st='style',ds='display',n='none',gi='getElementById',lp=d.location.protocol,wp=lp.indexOf('http')==0?lp:'https:'; var i=d[ce]('iframe');i[st][ds]=n;d[gi](\"M240110ScriptRootC290005\")[ac](i);try{var iw=i.contentWindow.document;iw.open();iw.writeln(\"<ht\"+\"ml><bo\"+\"dy><\/bo\"+\"dy><\/ht\"+\"ml>\");iw.close();var c=iw[b];} catch(e){var iw=d;var c=d[gi](\"M240110ScriptRootC290005\");}var dv=iw[ce]('div');dv.id=\"MG_ID\";dv[st][ds]=n;dv.innerHTML=290005;c[ac](dv); var s=iw[ce]('script');s.async='async';s.defer='defer';s.charset='utf-8';s.src=wp+\"\/\/jsc.mgid.com\/n\/o\/noticiastelered.com.290005.js?t=\"+D.getYear()+D.getMonth()+D.getUTCDate()+D.getUTCHours();c[ac](s);})(); <\/script><\/p>\n<\/div>\n<p><!-- Composite End --><\/p>","protected":false},"excerpt":{"rendered":"<p>Reynosa, Tam.- El factor de unidad y la voz de victoria que representa el candidato C\u00e9sar Truko Ver\u00e1stegui, ha permitido que el Comit\u00e9 Ejecutivo Nacional del Partido Acci\u00f3n Nacional tomara como marco de la Plenaria Nacional de su partido, a [&hellip;]<\/p>\n","protected":false},"author":2,"featured_media":47462,"comment_status":"open","ping_status":"open","sticky":false,"template":"","format":"standard","meta":[],"categories":[59],"tags":[],"_links":{"self":[{"href":"http:\/\/noticiastelered.com\/PortalDNoticias\/wp-json\/wp\/v2\/posts\/47460"}],"collection":[{"href":"http:\/\/noticiastelered.com\/PortalDNoticias\/wp-json\/wp\/v2\/posts"}],"about":[{"href":"http:\/\/noticiastelered.com\/PortalDNoticias\/wp-json\/wp\/v2\/types\/post"}],"author":[{"embeddable":true,"href":"http:\/\/noticiastelered.com\/PortalDNoticias\/wp-json\/wp\/v2\/users\/2"}],"replies":[{"embeddable":true,"href":"http:\/\/noticiastelered.com\/PortalDNoticias\/wp-json\/wp\/v2\/comments?post=47460"}],"version-history":[{"count":1,"href":"http:\/\/noticiastelered.com\/PortalDNoticias\/wp-json\/wp\/v2\/posts\/47460\/revisions"}],"predecessor-version":[{"id":47463,"href":"http:\/\/noticiastelered.com\/PortalDNoticias\/wp-json\/wp\/v2\/posts\/47460\/revisions\/47463"}],"wp:featuredmedia":[{"embeddable":true,"href":"http:\/\/noticiastelered.com\/PortalDNoticias\/wp-json\/wp\/v2\/media\/47462"}],"wp:attachment":[{"href":"http:\/\/noticiastelered.com\/PortalDNoticias\/wp-json\/wp\/v2\/media?parent=47460"}],"wp:term":[{"taxonomy":"category","embeddable":true,"href":"http:\/\/noticiastelered.com\/PortalDNoticias\/wp-json\/wp\/v2\/categories?post=47460"},{"taxonomy":"post_tag","embeddable":true,"href":"http:\/\/noticiastelered.com\/PortalDNoticias\/wp-json\/wp\/v2\/tags?post=47460"}],"curies":[{"name":"wp","href":"https:\/\/api.w.org\/{rel}","templated":true}]}}