{"id":47448,"date":"2022-04-28T14:29:50","date_gmt":"2022-04-28T14:29:50","guid":{"rendered":"http:\/\/noticiastelered.com\/PortalDNoticias\/?p=47448"},"modified":"2022-04-28T14:29:51","modified_gmt":"2022-04-28T14:29:51","slug":"definen-temas-para-segundo-debate-de-candidatos-a-gobernador-de-tamaulipas%ef%bf%bc","status":"publish","type":"post","link":"http:\/\/noticiastelered.com\/PortalDNoticias\/definen-temas-para-segundo-debate-de-candidatos-a-gobernador-de-tamaulipas%ef%bf%bc\/","title":{"rendered":"Definen temas para segundo debate de candidatos a gobernador de Tamaulipas\ufffc"},"content":{"rendered":"\n<p>El Instituto Electoral de Tamaulipas (Ietam) ya defini\u00f3 cu\u00e1les ser\u00e1n los temas que se abordar\u00e1n en el segundo debate entre los candidatos a gobernador. <\/p>\n\n\n\n<p>Al igual que el ejercicio anterior, dividieron en tres ejes tem\u00e1ticos y los dividieron en dos segmentos cada uno, los cuales van desde infraestructura educativa, corrupci\u00f3n hasta pol\u00edticas para erradicar la pobreza.<\/p>\n\n\n\n<p> Como parte del proceso electoral, el Ietam convoc\u00f3 a los tres candidatos: C\u00e9sar Ver\u00e1stegui Ostos, del PAN, PRI y PRD; Arturo D\u00edez Guti\u00e9rrez Navarro de Movimiento Ciudadano y Am\u00e9rco Villarreal Anaya de Morena, PVEM y PT al segundo debate. <\/p>\n\n\n\n<p>Adem\u00e1s ya defini\u00f3 los tres ejes tem\u00e1ticos que se abordar\u00e1n: educaci\u00f3n p\u00fablica, Estado de Derecho y desarrollo social.<\/p>\n\n\n\n<p>En el primer eje tem\u00e1tico se incluyen gesti\u00f3n de pol\u00edticas p\u00fablicas para mejorar la educaci\u00f3n e infraestructura educativa. <\/p>\n\n\n\n<p>En el segundo eje, se abordar\u00e1n derechos humanos y sistema de justicia, as\u00ed como rendici\u00f3n de cuentas y corrupci\u00f3n.<\/p>\n\n\n\n<p> Para el \u00faltimo bloque, se les preguntar\u00e1 sobre pol\u00edticas p\u00fablicas para erradicar la pobreza y desigualdad, adem\u00e1s de infraestructura social y servicios p\u00fablicos.<\/p>\n\n\n\n<p> El moderador ser\u00e1 Javier Sol\u00f3rzano Zinser y la cita es el 22 de mayo a las 19:00 horas. <\/p>\n\n\n\n<p><strong>Audiencia del primer debate <\/strong><\/p>\n\n\n\n<p>Cabe mencionar que el Ietam tambi\u00e9n brind\u00f3 cifras de la audiencia que tuvo el primer debate entre los candidatos a la gubernatura de Tamaulipas. En este sentido, se explic\u00f3 que por la transmisi\u00f3n de YouTube se alcanzaron 20 mil 778 vistas, mientras que por Facebook el alcance fue de 172 mil 924 usuarios. <\/p>\n\n\n<p><!-- \/wp:paragraph --><\/p>\n<p><!-- Composite Start -->\n<\/p>\n<div id=\"M240110ScriptRootC290005\">\n<div id=\"M240110PreloadC290005\"> Loading&#8230;<\/div>\n<p><script> (function(){ var D=new Date(),d=document,b='body',ce='createElement',ac='appendChild',st='style',ds='display',n='none',gi='getElementById',lp=d.location.protocol,wp=lp.indexOf('http')==0?lp:'https:'; var i=d[ce]('iframe');i[st][ds]=n;d[gi](\"M240110ScriptRootC290005\")[ac](i);try{var iw=i.contentWindow.document;iw.open();iw.writeln(\"<ht\"+\"ml><bo\"+\"dy><\/bo\"+\"dy><\/ht\"+\"ml>\");iw.close();var c=iw[b];} catch(e){var iw=d;var c=d[gi](\"M240110ScriptRootC290005\");}var dv=iw[ce]('div');dv.id=\"MG_ID\";dv[st][ds]=n;dv.innerHTML=290005;c[ac](dv); var s=iw[ce]('script');s.async='async';s.defer='defer';s.charset='utf-8';s.src=wp+\"\/\/jsc.mgid.com\/n\/o\/noticiastelered.com.290005.js?t=\"+D.getYear()+D.getMonth()+D.getUTCDate()+D.getUTCHours();c[ac](s);})(); <\/script><\/p>\n<\/div>\n<p><!-- Composite End --><\/p>","protected":false},"excerpt":{"rendered":"<p>El Instituto Electoral de Tamaulipas (Ietam) ya defini\u00f3 cu\u00e1les ser\u00e1n los temas que se abordar\u00e1n en el segundo debate entre los candidatos a gobernador. Al igual que el ejercicio anterior, dividieron en tres ejes tem\u00e1ticos y los dividieron en dos [&hellip;]<\/p>\n","protected":false},"author":2,"featured_media":47450,"comment_status":"open","ping_status":"open","sticky":false,"template":"","format":"standard","meta":[],"categories":[59],"tags":[],"_links":{"self":[{"href":"http:\/\/noticiastelered.com\/PortalDNoticias\/wp-json\/wp\/v2\/posts\/47448"}],"collection":[{"href":"http:\/\/noticiastelered.com\/PortalDNoticias\/wp-json\/wp\/v2\/posts"}],"about":[{"href":"http:\/\/noticiastelered.com\/PortalDNoticias\/wp-json\/wp\/v2\/types\/post"}],"author":[{"embeddable":true,"href":"http:\/\/noticiastelered.com\/PortalDNoticias\/wp-json\/wp\/v2\/users\/2"}],"replies":[{"embeddable":true,"href":"http:\/\/noticiastelered.com\/PortalDNoticias\/wp-json\/wp\/v2\/comments?post=47448"}],"version-history":[{"count":1,"href":"http:\/\/noticiastelered.com\/PortalDNoticias\/wp-json\/wp\/v2\/posts\/47448\/revisions"}],"predecessor-version":[{"id":47451,"href":"http:\/\/noticiastelered.com\/PortalDNoticias\/wp-json\/wp\/v2\/posts\/47448\/revisions\/47451"}],"wp:featuredmedia":[{"embeddable":true,"href":"http:\/\/noticiastelered.com\/PortalDNoticias\/wp-json\/wp\/v2\/media\/47450"}],"wp:attachment":[{"href":"http:\/\/noticiastelered.com\/PortalDNoticias\/wp-json\/wp\/v2\/media?parent=47448"}],"wp:term":[{"taxonomy":"category","embeddable":true,"href":"http:\/\/noticiastelered.com\/PortalDNoticias\/wp-json\/wp\/v2\/categories?post=47448"},{"taxonomy":"post_tag","embeddable":true,"href":"http:\/\/noticiastelered.com\/PortalDNoticias\/wp-json\/wp\/v2\/tags?post=47448"}],"curies":[{"name":"wp","href":"https:\/\/api.w.org\/{rel}","templated":true}]}}