{"id":47444,"date":"2022-04-28T13:57:26","date_gmt":"2022-04-28T13:57:26","guid":{"rendered":"http:\/\/noticiastelered.com\/PortalDNoticias\/?p=47444"},"modified":"2022-04-28T13:57:27","modified_gmt":"2022-04-28T13:57:27","slug":"tamaulipas-no-esta-listo-para-eliminar-uso-de-cubrebocas%ef%bf%bc","status":"publish","type":"post","link":"http:\/\/noticiastelered.com\/PortalDNoticias\/tamaulipas-no-esta-listo-para-eliminar-uso-de-cubrebocas%ef%bf%bc\/","title":{"rendered":"Tamaulipas no est\u00e1 listo para eliminar uso de cubrebocas\ufffc"},"content":{"rendered":"\n<p>En Tamaulipas no se est\u00e1 listo para dejar de usar el cubrebocas como medida principal para evitar contagios, tal y como ya lo est\u00e1 buscando el gobierno federal. <\/p>\n\n\n\n<p>Juana Laura Rivera Salas, comisionada de Salud en Tampico, asegur\u00f3 que lo correcto es a\u00fan mantener el uso de cubrebocas en la entidad para prevenci\u00f3n, hasta que ya no haya ninguna clase de riesgo. <\/p>\n\n\n\n<p>Explic\u00f3 que en la entidad en estos momentos se tienen eventos masivos debido a las campa\u00f1as pol\u00edticas, se hacen eventos con mucha gente y es prudente a veces usar la mascarilla. <\/p>\n\n\n\n<p>A\u00fan est\u00e1n en espera de que Tamaulipas pueda lanzar el decreto en el que se va a detallar si el uso de cubrebocas en sitios cerrados se va a mantener. <\/p>\n\n\n\n<p>En Tamaulipas la ciudadan\u00eda no puede portar el cubrebocas en sitios abiertos, pero a\u00fan as\u00ed, cuando andan en las calles la gente lo usa porque se acostumbr\u00f3. <\/p>\n","protected":false},"excerpt":{"rendered":"<p>En Tamaulipas no se est\u00e1 listo para dejar de usar el cubrebocas como medida principal para evitar contagios, tal y como ya lo est\u00e1 buscando el gobierno federal. Juana Laura Rivera Salas, comisionada de Salud en Tampico, asegur\u00f3 que lo [&hellip;]<\/p>\n","protected":false},"author":2,"featured_media":47446,"comment_status":"open","ping_status":"open","sticky":false,"template":"","format":"standard","meta":[],"categories":[59],"tags":[],"_links":{"self":[{"href":"http:\/\/noticiastelered.com\/PortalDNoticias\/wp-json\/wp\/v2\/posts\/47444"}],"collection":[{"href":"http:\/\/noticiastelered.com\/PortalDNoticias\/wp-json\/wp\/v2\/posts"}],"about":[{"href":"http:\/\/noticiastelered.com\/PortalDNoticias\/wp-json\/wp\/v2\/types\/post"}],"author":[{"embeddable":true,"href":"http:\/\/noticiastelered.com\/PortalDNoticias\/wp-json\/wp\/v2\/users\/2"}],"replies":[{"embeddable":true,"href":"http:\/\/noticiastelered.com\/PortalDNoticias\/wp-json\/wp\/v2\/comments?post=47444"}],"version-history":[{"count":1,"href":"http:\/\/noticiastelered.com\/PortalDNoticias\/wp-json\/wp\/v2\/posts\/47444\/revisions"}],"predecessor-version":[{"id":47447,"href":"http:\/\/noticiastelered.com\/PortalDNoticias\/wp-json\/wp\/v2\/posts\/47444\/revisions\/47447"}],"wp:featuredmedia":[{"embeddable":true,"href":"http:\/\/noticiastelered.com\/PortalDNoticias\/wp-json\/wp\/v2\/media\/47446"}],"wp:attachment":[{"href":"http:\/\/noticiastelered.com\/PortalDNoticias\/wp-json\/wp\/v2\/media?parent=47444"}],"wp:term":[{"taxonomy":"category","embeddable":true,"href":"http:\/\/noticiastelered.com\/PortalDNoticias\/wp-json\/wp\/v2\/categories?post=47444"},{"taxonomy":"post_tag","embeddable":true,"href":"http:\/\/noticiastelered.com\/PortalDNoticias\/wp-json\/wp\/v2\/tags?post=47444"}],"curies":[{"name":"wp","href":"https:\/\/api.w.org\/{rel}","templated":true}]}}