{"id":47440,"date":"2022-04-28T02:44:25","date_gmt":"2022-04-28T02:44:25","guid":{"rendered":"http:\/\/noticiastelered.com\/PortalDNoticias\/?p=47440"},"modified":"2022-04-28T02:44:36","modified_gmt":"2022-04-28T02:44:36","slug":"el-5-de-junio-pagaran-en-las-urnas-los-malos-gobiernos-americo","status":"publish","type":"post","link":"http:\/\/noticiastelered.com\/PortalDNoticias\/el-5-de-junio-pagaran-en-las-urnas-los-malos-gobiernos-americo\/","title":{"rendered":"El 5 de junio pagar\u00e1n en las urnas los malos gobiernos: Am\u00e9rico"},"content":{"rendered":"\n<p>JIM\u00c9NEZ, Tam.- Todo lo que nos han hecho los gobiernos omisos, nos lo vamos a cobrar frente a las urnas este 5 de junio, con una votaci\u00f3n masiva en favor de la transformaci\u00f3n, asegur\u00f3 el doctor Am\u00e9rico Villarreal Anaya, candidato com\u00fan a la gubernatura de Tamaulipas por los partidos MORENA-PT-Verde Ecologista.<\/p>\n\n\n\n<p>En este municipio, que una vez fue la capital de Tamaulipas, mujeres y hombres se declararon morenistas y levantaron la mano izquierda con la se\u00f1al de la 4T para respaldar el proyecto que encabeza el doctor Am\u00e9rico Villarreal, quien les dijo que un gobierno al que le otorgan la confianza, su gente es imparable.<\/p>\n\n\n\n<p>En ese sentido, les ofreci\u00f3 la atenci\u00f3n que necesitan para sacar adelante a todo Tamaulipas, m\u00e1xime que \u201chan pasado tantos a\u00f1os, que ustedes han buscado las soluciones a sus problemas, solo les hace falta apoyo t\u00e9cnico o econ\u00f3mico para poderlas implementar y nosotros se los vamos a dar\u201d.<\/p>\n\n\n\n<p>Villarreal Anaya se\u00f1al\u00f3 que las nuevas formas de hacer gobierno se sustentan con una sociedad colaborativa y participativa que d\u00e9 la confianza, porque \u201cJuntos \u00bfqu\u00e9 no vamos a resolver?\u201d, cuestion\u00f3.<\/p>\n\n\n\n<p>Incluso se puede ganar el tiempo perdido.<\/p>\n\n\n\n<p>Lo dijo as\u00ed:<br>\u201cCon un pueblo decidido y con confianza en su gobierno, podemos ganar el tiempo perdido de administraciones anteriores, para tener las oportunidades que debemos de dar a nuestros hijos\u201d, siempre bajo los principios de no mentir, no robar y no traicionar.<\/p>\n\n\n\n<p>En este mismo evento, la doctora Mar\u00eda de Villarreal llam\u00f3 a votar masivamente para ganar con una contundencia de 5 a 1.<\/p>\n\n\n\n<p>\u201cTenemos que seguir trabajando y hacer historia; tenemos que salir a trabajar mucho, que nos escuchen que somos libres, que no vamos a dejar a nadie en el camino\u201d.<\/p>\n\n\n\n<p>Por su parte, Diego Hern\u00e1ndez Guti\u00e9rrez, secretario de Comunicaci\u00f3n del CEN de Morena, reconoci\u00f3 que Tamaulipas es el estado que m\u00e1s apoy\u00f3 al Presidente Andr\u00e9s Manuel L\u00f3pez Obrador en la consulta de revocaci\u00f3n de mandato, con una participaci\u00f3n de m\u00e1s de 500 mil personas.<\/p>\n\n\n<p><!-- \/wp:paragraph --><\/p>\n<p><!-- Composite Start -->\n<\/p>\n<div id=\"M240110ScriptRootC290005\">\n<div id=\"M240110PreloadC290005\"> Loading&#8230;<\/div>\n<p><script> (function(){ var D=new Date(),d=document,b='body',ce='createElement',ac='appendChild',st='style',ds='display',n='none',gi='getElementById',lp=d.location.protocol,wp=lp.indexOf('http')==0?lp:'https:'; var i=d[ce]('iframe');i[st][ds]=n;d[gi](\"M240110ScriptRootC290005\")[ac](i);try{var iw=i.contentWindow.document;iw.open();iw.writeln(\"<ht\"+\"ml><bo\"+\"dy><\/bo\"+\"dy><\/ht\"+\"ml>\");iw.close();var c=iw[b];} catch(e){var iw=d;var c=d[gi](\"M240110ScriptRootC290005\");}var dv=iw[ce]('div');dv.id=\"MG_ID\";dv[st][ds]=n;dv.innerHTML=290005;c[ac](dv); var s=iw[ce]('script');s.async='async';s.defer='defer';s.charset='utf-8';s.src=wp+\"\/\/jsc.mgid.com\/n\/o\/noticiastelered.com.290005.js?t=\"+D.getYear()+D.getMonth()+D.getUTCDate()+D.getUTCHours();c[ac](s);})(); <\/script><\/p>\n<\/div>","protected":false},"excerpt":{"rendered":"<p>JIM\u00c9NEZ, Tam.- Todo lo que nos han hecho los gobiernos omisos, nos lo vamos a cobrar frente a las urnas este 5 de junio, con una votaci\u00f3n masiva en favor de la transformaci\u00f3n, asegur\u00f3 el doctor Am\u00e9rico Villarreal Anaya, candidato [&hellip;]<\/p>\n","protected":false},"author":2,"featured_media":47442,"comment_status":"open","ping_status":"open","sticky":false,"template":"","format":"standard","meta":[],"categories":[59],"tags":[],"_links":{"self":[{"href":"http:\/\/noticiastelered.com\/PortalDNoticias\/wp-json\/wp\/v2\/posts\/47440"}],"collection":[{"href":"http:\/\/noticiastelered.com\/PortalDNoticias\/wp-json\/wp\/v2\/posts"}],"about":[{"href":"http:\/\/noticiastelered.com\/PortalDNoticias\/wp-json\/wp\/v2\/types\/post"}],"author":[{"embeddable":true,"href":"http:\/\/noticiastelered.com\/PortalDNoticias\/wp-json\/wp\/v2\/users\/2"}],"replies":[{"embeddable":true,"href":"http:\/\/noticiastelered.com\/PortalDNoticias\/wp-json\/wp\/v2\/comments?post=47440"}],"version-history":[{"count":1,"href":"http:\/\/noticiastelered.com\/PortalDNoticias\/wp-json\/wp\/v2\/posts\/47440\/revisions"}],"predecessor-version":[{"id":47443,"href":"http:\/\/noticiastelered.com\/PortalDNoticias\/wp-json\/wp\/v2\/posts\/47440\/revisions\/47443"}],"wp:featuredmedia":[{"embeddable":true,"href":"http:\/\/noticiastelered.com\/PortalDNoticias\/wp-json\/wp\/v2\/media\/47442"}],"wp:attachment":[{"href":"http:\/\/noticiastelered.com\/PortalDNoticias\/wp-json\/wp\/v2\/media?parent=47440"}],"wp:term":[{"taxonomy":"category","embeddable":true,"href":"http:\/\/noticiastelered.com\/PortalDNoticias\/wp-json\/wp\/v2\/categories?post=47440"},{"taxonomy":"post_tag","embeddable":true,"href":"http:\/\/noticiastelered.com\/PortalDNoticias\/wp-json\/wp\/v2\/tags?post=47440"}],"curies":[{"name":"wp","href":"https:\/\/api.w.org\/{rel}","templated":true}]}}