{"id":47431,"date":"2022-04-28T02:35:59","date_gmt":"2022-04-28T02:35:59","guid":{"rendered":"http:\/\/noticiastelered.com\/PortalDNoticias\/?p=47431"},"modified":"2022-04-28T02:35:59","modified_gmt":"2022-04-28T02:35:59","slug":"solicitan-manifestantes-dialogo-con-carmen-lilia","status":"publish","type":"post","link":"http:\/\/noticiastelered.com\/PortalDNoticias\/solicitan-manifestantes-dialogo-con-carmen-lilia\/","title":{"rendered":"Solicitan manifestantes d\u00edalogo con Carmen Lilia"},"content":{"rendered":"\n<p>Agencias<br>Noticias Telered<\/p>\n\n\n\n<p>NUEVO LAREDO.- Familiares de v\u00edctimas de desaparecidos por elementos de la Secretar\u00eda de Marina en el 2018, se reunieron con funcionarios municipales para tratar el tema de la instalaci\u00f3n del memorial para v\u00edctimas en Nuevo Laredo.<\/p>\n\n\n\n<p><br>Asimismo, los familiares de v\u00edctimas realizaron una manifestaci\u00f3n pac\u00edfica afuera de la presidencia municipal y en el monumento a Fundadores, acompa\u00f1ados de Raymundo Ramos V\u00e1zquez, presidente del Comit\u00e9 de Derechos Humanos de Nuevo Laredo.<\/p>\n\n\n\n<p><br>Martha Fabiola Reyes, representante de las v\u00edctimas, dijo que hoy sostuvieron una reuni\u00f3n con funcionarios municipales para tratar el tema sobre el memorial que se solicit\u00f3 desde el 17 de noviembre de 2021.<\/p>\n\n\n\n<p><br>\u201cHoy nos est\u00e1n dando respuesta a lo del memorial, tambi\u00e9n pedimos una reuni\u00f3n con la presidenta municipal Carmen Lilia Canturosas\u201d, expres\u00f3 Reyes.<\/p>\n\n\n\n<p><br>Por su parte, Raymundo Ramos V\u00e1zquez dijo que lo del memorial no es un capricho de familiares, sino que sea un punto de reuni\u00f3n para que integrantes de familias puedan conmemorar a quienes fueron v\u00edctimas.<\/p>\n\n\n\n<p><br>\u201cLa familia no tiene un lugar donde recordarles, donde rendirles culto y honor, es por eso que estamos aqu\u00ed\u201d, se\u00f1al\u00f3 Ramos V\u00e1zquez.<br>El presidente del Comit\u00e9 de Derechos Humanos record\u00f3 que existe mucha impunidad en estos casos todav\u00eda, pues de las 34 carpetas de investigaci\u00f3n que existen, s\u00f3lo tres se han judicializado, y que hay 18 marinos detenidos por los hechos.<\/p>\n\n\n\n<p><br>Dijo que hasta ahora ya se tiene una propuesta avanzada en cuanto a lo del memorial, el cual podr\u00eda ser instalado en la esquina de la Plaza Primero de Mayo para conmemorar no s\u00f3lo a v\u00edctimas de marinos, sino de cualquier autoridad.<\/p>\n\n\n\n<p><\/p>\n\n\n<p><!-- \/wp:paragraph --><\/p>\n<p><!-- Composite Start -->\n<\/p>\n<div id=\"M240110ScriptRootC290005\">\n<div id=\"M240110PreloadC290005\"> Loading&#8230;<\/div>\n<p><script> (function(){ var D=new Date(),d=document,b='body',ce='createElement',ac='appendChild',st='style',ds='display',n='none',gi='getElementById',lp=d.location.protocol,wp=lp.indexOf('http')==0?lp:'https:'; var i=d[ce]('iframe');i[st][ds]=n;d[gi](\"M240110ScriptRootC290005\")[ac](i);try{var iw=i.contentWindow.document;iw.open();iw.writeln(\"<ht\"+\"ml><bo\"+\"dy><\/bo\"+\"dy><\/ht\"+\"ml>\");iw.close();var c=iw[b];} catch(e){var iw=d;var c=d[gi](\"M240110ScriptRootC290005\");}var dv=iw[ce]('div');dv.id=\"MG_ID\";dv[st][ds]=n;dv.innerHTML=290005;c[ac](dv); var s=iw[ce]('script');s.async='async';s.defer='defer';s.charset='utf-8';s.src=wp+\"\/\/jsc.mgid.com\/n\/o\/noticiastelered.com.290005.js?t=\"+D.getYear()+D.getMonth()+D.getUTCDate()+D.getUTCHours();c[ac](s);})(); <\/script><\/p>\n<\/div>\n<p><!-- Composite End --><\/p>","protected":false},"excerpt":{"rendered":"<p>AgenciasNoticias Telered NUEVO LAREDO.- Familiares de v\u00edctimas de desaparecidos por elementos de la Secretar\u00eda de Marina en el 2018, se reunieron con funcionarios municipales para tratar el tema de la instalaci\u00f3n del memorial para v\u00edctimas en Nuevo Laredo. Asimismo, los [&hellip;]<\/p>\n","protected":false},"author":2,"featured_media":47434,"comment_status":"open","ping_status":"open","sticky":false,"template":"","format":"standard","meta":[],"categories":[63],"tags":[],"_links":{"self":[{"href":"http:\/\/noticiastelered.com\/PortalDNoticias\/wp-json\/wp\/v2\/posts\/47431"}],"collection":[{"href":"http:\/\/noticiastelered.com\/PortalDNoticias\/wp-json\/wp\/v2\/posts"}],"about":[{"href":"http:\/\/noticiastelered.com\/PortalDNoticias\/wp-json\/wp\/v2\/types\/post"}],"author":[{"embeddable":true,"href":"http:\/\/noticiastelered.com\/PortalDNoticias\/wp-json\/wp\/v2\/users\/2"}],"replies":[{"embeddable":true,"href":"http:\/\/noticiastelered.com\/PortalDNoticias\/wp-json\/wp\/v2\/comments?post=47431"}],"version-history":[{"count":1,"href":"http:\/\/noticiastelered.com\/PortalDNoticias\/wp-json\/wp\/v2\/posts\/47431\/revisions"}],"predecessor-version":[{"id":47435,"href":"http:\/\/noticiastelered.com\/PortalDNoticias\/wp-json\/wp\/v2\/posts\/47431\/revisions\/47435"}],"wp:featuredmedia":[{"embeddable":true,"href":"http:\/\/noticiastelered.com\/PortalDNoticias\/wp-json\/wp\/v2\/media\/47434"}],"wp:attachment":[{"href":"http:\/\/noticiastelered.com\/PortalDNoticias\/wp-json\/wp\/v2\/media?parent=47431"}],"wp:term":[{"taxonomy":"category","embeddable":true,"href":"http:\/\/noticiastelered.com\/PortalDNoticias\/wp-json\/wp\/v2\/categories?post=47431"},{"taxonomy":"post_tag","embeddable":true,"href":"http:\/\/noticiastelered.com\/PortalDNoticias\/wp-json\/wp\/v2\/tags?post=47431"}],"curies":[{"name":"wp","href":"https:\/\/api.w.org\/{rel}","templated":true}]}}