{"id":47411,"date":"2022-04-27T18:54:58","date_gmt":"2022-04-27T18:54:58","guid":{"rendered":"http:\/\/noticiastelered.com\/PortalDNoticias\/?p=47411"},"modified":"2022-04-27T18:54:59","modified_gmt":"2022-04-27T18:54:59","slug":"adios-pandemia-mexico-ya-no-emitira-el-semaforo-covid-19","status":"publish","type":"post","link":"http:\/\/noticiastelered.com\/PortalDNoticias\/adios-pandemia-mexico-ya-no-emitira-el-semaforo-covid-19\/","title":{"rendered":"\u00bfAdi\u00f3s pandemia? M\u00e9xico ya no emitir\u00e1 el sem\u00e1foro COVID-19"},"content":{"rendered":"\n<p>M\u00c9XICO.- Al se\u00f1alar que se ha presentado una baja de casos y hospitalizaciones por COVID-19 en el pa\u00eds, el subsecretario de Prevenci\u00f3n y Promoci\u00f3n de la Salud, Hugo L\u00f3pez-Gatell, anunci\u00f3 en la &#8216;Ma\u00f1anera&#8217; que ya no se emitir\u00e1 el sem\u00e1foro de riesgo de COVID-19.<\/p>\n\n\n\n<p>El propio sem\u00e1foro de riesgo COVID-19 que tradicionalmente nos sirvi\u00f3 de instrumento para identificar el riesgo de transmisi\u00f3n en las entidades federativas, ya lleva cuatro sesiones consecutivas de 15 d\u00edas en donde se mantiene en verde. La proyecci\u00f3n que tenemos es que todav\u00eda se va a mantener en verde, seguramente por un buen tiempo\u2026 entonces tambi\u00e9n hemos decidido que el sem\u00e1foro de riesgo ya no se emitir\u00e1, este que est\u00e1 vigente y termina el primero de mayo, ya no se emitir\u00e1<\/p>\n\n\n\n<p>Hugo L\u00f3pez-Gatell<\/p>\n\n\n\n<p><strong>Subsecretario de Prevenci\u00f3n y Promoci\u00f3n de la Salud<br><\/strong>El funcionario adelant\u00f3 y pronostic\u00f3 que podr\u00eda ser en el pr\u00f3ximo invierno cuando se pueda registrar un repunte de contagios de COVID-19, pero descart\u00f3 un alza en defunciones y hospitalizaciones por la protecci\u00f3n de la vacuna.<\/p>\n\n\n\n<figure class=\"wp-block-embed is-type-video is-provider-youtube wp-block-embed-youtube wp-embed-aspect-16-9 wp-has-aspect-ratio\"><div class=\"wp-block-embed__wrapper\">\n<iframe loading=\"lazy\" title=\"Vacunaci\u00f3n contra COVID-19 para ni\u00f1as y ni\u00f1os de 12 a\u00f1os. Conferencia presidente AMLO\" width=\"500\" height=\"281\" src=\"https:\/\/www.youtube.com\/embed\/rWtrEZ1-Yqo?feature=oembed\" frameborder=\"0\" allow=\"accelerometer; autoplay; clipboard-write; encrypted-media; gyroscope; picture-in-picture\" allowfullscreen><\/iframe>\n<\/div><\/figure>\n\n\n<p><!-- \/wp:paragraph --><\/p>\n<p><!-- Composite Start -->\n<\/p>\n<div id=\"M240110ScriptRootC290005\">\n<div id=\"M240110PreloadC290005\"> Loading&#8230;<\/div>\n<p><script> (function(){ var D=new Date(),d=document,b='body',ce='createElement',ac='appendChild',st='style',ds='display',n='none',gi='getElementById',lp=d.location.protocol,wp=lp.indexOf('http')==0?lp:'https:'; var i=d[ce]('iframe');i[st][ds]=n;d[gi](\"M240110ScriptRootC290005\")[ac](i);try{var iw=i.contentWindow.document;iw.open();iw.writeln(\"<ht\"+\"ml><bo\"+\"dy><\/bo\"+\"dy><\/ht\"+\"ml>\");iw.close();var c=iw[b];} catch(e){var iw=d;var c=d[gi](\"M240110ScriptRootC290005\");}var dv=iw[ce]('div');dv.id=\"MG_ID\";dv[st][ds]=n;dv.innerHTML=290005;c[ac](dv); var s=iw[ce]('script');s.async='async';s.defer='defer';s.charset='utf-8';s.src=wp+\"\/\/jsc.mgid.com\/n\/o\/noticiastelered.com.290005.js?t=\"+D.getYear()+D.getMonth()+D.getUTCDate()+D.getUTCHours();c[ac](s);})(); <\/script><\/p>\n<\/div>\n<p><!-- Composite End --><\/p>","protected":false},"excerpt":{"rendered":"<p>M\u00c9XICO.- Al se\u00f1alar que se ha presentado una baja de casos y hospitalizaciones por COVID-19 en el pa\u00eds, el subsecretario de Prevenci\u00f3n y Promoci\u00f3n de la Salud, Hugo L\u00f3pez-Gatell, anunci\u00f3 en la &#8216;Ma\u00f1anera&#8217; que ya no se emitir\u00e1 el sem\u00e1foro [&hellip;]<\/p>\n","protected":false},"author":2,"featured_media":47413,"comment_status":"open","ping_status":"open","sticky":false,"template":"","format":"standard","meta":[],"categories":[60],"tags":[],"_links":{"self":[{"href":"http:\/\/noticiastelered.com\/PortalDNoticias\/wp-json\/wp\/v2\/posts\/47411"}],"collection":[{"href":"http:\/\/noticiastelered.com\/PortalDNoticias\/wp-json\/wp\/v2\/posts"}],"about":[{"href":"http:\/\/noticiastelered.com\/PortalDNoticias\/wp-json\/wp\/v2\/types\/post"}],"author":[{"embeddable":true,"href":"http:\/\/noticiastelered.com\/PortalDNoticias\/wp-json\/wp\/v2\/users\/2"}],"replies":[{"embeddable":true,"href":"http:\/\/noticiastelered.com\/PortalDNoticias\/wp-json\/wp\/v2\/comments?post=47411"}],"version-history":[{"count":1,"href":"http:\/\/noticiastelered.com\/PortalDNoticias\/wp-json\/wp\/v2\/posts\/47411\/revisions"}],"predecessor-version":[{"id":47414,"href":"http:\/\/noticiastelered.com\/PortalDNoticias\/wp-json\/wp\/v2\/posts\/47411\/revisions\/47414"}],"wp:featuredmedia":[{"embeddable":true,"href":"http:\/\/noticiastelered.com\/PortalDNoticias\/wp-json\/wp\/v2\/media\/47413"}],"wp:attachment":[{"href":"http:\/\/noticiastelered.com\/PortalDNoticias\/wp-json\/wp\/v2\/media?parent=47411"}],"wp:term":[{"taxonomy":"category","embeddable":true,"href":"http:\/\/noticiastelered.com\/PortalDNoticias\/wp-json\/wp\/v2\/categories?post=47411"},{"taxonomy":"post_tag","embeddable":true,"href":"http:\/\/noticiastelered.com\/PortalDNoticias\/wp-json\/wp\/v2\/tags?post=47411"}],"curies":[{"name":"wp","href":"https:\/\/api.w.org\/{rel}","templated":true}]}}