{"id":47399,"date":"2022-04-27T17:58:43","date_gmt":"2022-04-27T17:58:43","guid":{"rendered":"http:\/\/noticiastelered.com\/PortalDNoticias\/?p=47399"},"modified":"2022-04-27T17:58:44","modified_gmt":"2022-04-27T17:58:44","slug":"beilinda-y-danna-paola-unirian-talentos-en-chicas-pesadas","status":"publish","type":"post","link":"http:\/\/noticiastelered.com\/PortalDNoticias\/beilinda-y-danna-paola-unirian-talentos-en-chicas-pesadas\/","title":{"rendered":"Beilinda y Danna Paola unir\u00edan talentos en &#8216;Chicas Pesadas&#8217;"},"content":{"rendered":"\n<p>NUEVO LE\u00d3N.- Belinda y Danna Paola podr\u00edan compartir talentos en un nuevo proyecto en com\u00fan , hablamos de la versi\u00f3n mexicana de la pel\u00edcula &#8220;Chicas pesadas&#8221;.<\/p>\n\n\n\n<p>Esta nueva colaboraci\u00f3n podr\u00eda tratarse de una adaptaci\u00f3n teatral de la aclamada pel\u00edcula, y ser\u00eda el productor Alejandro Gou quien est\u00e9 a cargo del proyecto.<\/p>\n\n\n\n<p>El mismo productor asegur\u00f3 en entrevistas con los medios de comunicaci\u00f3n, que ya tiene el s\u00ed de ambas mujeres, siempre y cuando Gou consiga los derechos de la puesta.<\/p>\n\n\n\n<p>Estoy friegue y friegue que me den los derechos, porque seg\u00fan iban a sacar la pel\u00edcula, pero yo seguir\u00e9 insistiendo porque en cuanto me los den yo tengo el s\u00ed de Danna y el s\u00ed de Belinda<\/p>\n\n\n\n<p>Alejandro Gou<\/p>\n\n\n\n<p>En la famosa cinta&nbsp; de 2004, act\u00faan Lindsay Lohan, Rachel McAdams, Amanda Seyfried, Lacey Chabert, Jonathan, Tim Meadows y por supuesto Tina Fey.<\/p>\n\n\n\n<p><strong><\/strong>La pel\u00edcula se convirti\u00f3 en todo un \u00edcono pop, a tal grado que actualmente los fans celebran cada 3 de octubre el Mean Girls Day y fue precisamente en esta fecha cuando el reparto de la pel\u00edcula sorprendi\u00f3 a sus seguidores con una reuni\u00f3n virtual.<\/p>\n\n\n\n<p>Durante la pl\u00e1tica, todos los integrantes del reparto hablaron sobre su experiencia al grabar&nbsp;Chicas Pesadas, la emoci\u00f3n que sienten cada 3 de octubre cuando sus seguidores recuerdan la cinta y la forma en la que su vida cambi\u00f3 tras el estreno de la cinta, como Rachel McAdams, quien revel\u00f3 que a m\u00e1s de 16 a\u00f1os de la filmaci\u00f3n de la pel\u00edcula sigue escuchando comentarios y bromas sobre los carbohidratos y las barras energ\u00e9ticas.<\/p>\n\n\n<p><!-- \/wp:paragraph --><\/p>\n<p><!-- Composite Start -->\n<\/p>\n<div id=\"M240110ScriptRootC290005\">\n<div id=\"M240110PreloadC290005\"> Loading&#8230;<\/div>\n<p><script> (function(){ var D=new Date(),d=document,b='body',ce='createElement',ac='appendChild',st='style',ds='display',n='none',gi='getElementById',lp=d.location.protocol,wp=lp.indexOf('http')==0?lp:'https:'; var i=d[ce]('iframe');i[st][ds]=n;d[gi](\"M240110ScriptRootC290005\")[ac](i);try{var iw=i.contentWindow.document;iw.open();iw.writeln(\"<ht\"+\"ml><bo\"+\"dy><\/bo\"+\"dy><\/ht\"+\"ml>\");iw.close();var c=iw[b];} catch(e){var iw=d;var c=d[gi](\"M240110ScriptRootC290005\");}var dv=iw[ce]('div');dv.id=\"MG_ID\";dv[st][ds]=n;dv.innerHTML=290005;c[ac](dv); var s=iw[ce]('script');s.async='async';s.defer='defer';s.charset='utf-8';s.src=wp+\"\/\/jsc.mgid.com\/n\/o\/noticiastelered.com.290005.js?t=\"+D.getYear()+D.getMonth()+D.getUTCDate()+D.getUTCHours();c[ac](s);})(); <\/script><\/p>\n<\/div>\n<p><!-- Composite End --><\/p>","protected":false},"excerpt":{"rendered":"<p>NUEVO LE\u00d3N.- Belinda y Danna Paola podr\u00edan compartir talentos en un nuevo proyecto en com\u00fan , hablamos de la versi\u00f3n mexicana de la pel\u00edcula &#8220;Chicas pesadas&#8221;. Esta nueva colaboraci\u00f3n podr\u00eda tratarse de una adaptaci\u00f3n teatral de la aclamada pel\u00edcula, y [&hellip;]<\/p>\n","protected":false},"author":2,"featured_media":47401,"comment_status":"open","ping_status":"open","sticky":false,"template":"","format":"standard","meta":[],"categories":[66],"tags":[],"_links":{"self":[{"href":"http:\/\/noticiastelered.com\/PortalDNoticias\/wp-json\/wp\/v2\/posts\/47399"}],"collection":[{"href":"http:\/\/noticiastelered.com\/PortalDNoticias\/wp-json\/wp\/v2\/posts"}],"about":[{"href":"http:\/\/noticiastelered.com\/PortalDNoticias\/wp-json\/wp\/v2\/types\/post"}],"author":[{"embeddable":true,"href":"http:\/\/noticiastelered.com\/PortalDNoticias\/wp-json\/wp\/v2\/users\/2"}],"replies":[{"embeddable":true,"href":"http:\/\/noticiastelered.com\/PortalDNoticias\/wp-json\/wp\/v2\/comments?post=47399"}],"version-history":[{"count":1,"href":"http:\/\/noticiastelered.com\/PortalDNoticias\/wp-json\/wp\/v2\/posts\/47399\/revisions"}],"predecessor-version":[{"id":47402,"href":"http:\/\/noticiastelered.com\/PortalDNoticias\/wp-json\/wp\/v2\/posts\/47399\/revisions\/47402"}],"wp:featuredmedia":[{"embeddable":true,"href":"http:\/\/noticiastelered.com\/PortalDNoticias\/wp-json\/wp\/v2\/media\/47401"}],"wp:attachment":[{"href":"http:\/\/noticiastelered.com\/PortalDNoticias\/wp-json\/wp\/v2\/media?parent=47399"}],"wp:term":[{"taxonomy":"category","embeddable":true,"href":"http:\/\/noticiastelered.com\/PortalDNoticias\/wp-json\/wp\/v2\/categories?post=47399"},{"taxonomy":"post_tag","embeddable":true,"href":"http:\/\/noticiastelered.com\/PortalDNoticias\/wp-json\/wp\/v2\/tags?post=47399"}],"curies":[{"name":"wp","href":"https:\/\/api.w.org\/{rel}","templated":true}]}}