{"id":47391,"date":"2022-04-27T17:15:02","date_gmt":"2022-04-27T17:15:02","guid":{"rendered":"http:\/\/noticiastelered.com\/PortalDNoticias\/?p=47391"},"modified":"2022-04-27T17:15:03","modified_gmt":"2022-04-27T17:15:03","slug":"aime-una-nina-victima-de-violacion-en-altamira-teme-por-su-vida","status":"publish","type":"post","link":"http:\/\/noticiastelered.com\/PortalDNoticias\/aime-una-nina-victima-de-violacion-en-altamira-teme-por-su-vida\/","title":{"rendered":"Aim\u00e9, una ni\u00f1a v\u00edctima de violaci\u00f3n en Altamira teme por su vida"},"content":{"rendered":"\n<p>Altamira, Tamaulipas. \u2013 Aim\u00e9 denunci\u00f3 ante la Fiscal\u00eda General de Justicia de Tamaulipas que era violada por su padrastro a la edad de 10 a\u00f1os; en su relato asegur\u00f3 que estas agresiones duraron m\u00e1s de dos a\u00f1os y a los 11 tuvo un embarazo producto de las agresiones. <\/p>\n\n\n\n<p>Pese a ello, fue obligada a continuar sosteniendo relaciones y a mentir sobre la identidad del padre del producto; durante su embarazo y despu\u00e9s de parir, sigui\u00f3 siendo violada por lo que ella ya no pudo m\u00e1s y confes\u00f3 todo a una familiar. <\/p>\n\n\n\n<p>Con ayuda de \u00e9sta puso la denuncia y Carlos \u2018N\u2019, su agresor, fue detenido, sin embargo, una aparente mal integraci\u00f3n de la carpeta podr\u00eda dejar en libertad al presunto agresor. <\/p>\n\n\n\n<p>Ella y el beb\u00e9 producto de estas violaciones fueron ingresados al Sistema para el Desarrollo Integral de la Familia (DIF), ya que su madre la agred\u00eda f\u00edsica y verbalmente, pero Aim\u00e9 busca la protecci\u00f3n de la justicia, ante la posibilidad de que Carlos \u2018N\u2019 quede libre. La Colectiva Mujer Manglar denunci\u00f3 que la Fiscal\u00eda integr\u00f3 mal la carpeta y s\u00f3lo lo acus\u00f3 de intento de violaci\u00f3n, violentando el derecho a la protecci\u00f3n de la justicia de Aim\u00e9 y revictimiz\u00e1ndola. <\/p>\n\n\n\n<p>Martha de la Cruz, integrante de la Colectiva, se\u00f1al\u00f3 que Aim\u00e9 hoy teme por su vida, ya que Carlos \u2018N\u2019 la amenaz\u00f3, dici\u00e9ndole que \u00e9l saldr\u00eda libre y a ella le iba a ir peor de lo que a \u00e9l en la prisi\u00f3n. <\/p>\n\n\n\n<p>Este mi\u00e9rcoles 27 de abril est\u00e1 programada la audiencia y Aim\u00e9 pide a la Fiscal\u00eda que su agresor sea juzgado por el delito de violaci\u00f3n y le d\u00e9 la tranquilidad de que seguir\u00e1 preso por muchos a\u00f1os m\u00e1s. <\/p>\n\n\n\n<p>&#8220;Es mucho lo que ha sufrido Aim\u00e9 desde los 10 a\u00f1os y lo menos que debe hacer la Fiscal\u00eda es actuar con apego a derecho y en cumplimiento de sus obligaciones. Aim\u00e9 ya no est\u00e1 sola, hoy, nos sumamos a su b\u00fasqueda de justicia y reparaci\u00f3n del da\u00f1o&#8221;, declar\u00f3.<\/p>\n\n\n\n<p> Finaliz\u00f3 con un comunicado de prensa: &#8220;Exigimos a la Fiscal\u00eda procesar adecuadamente a Carlos N y fincar responsabilidades a la madre de Aim\u00e9; ante el peligro que estos depredadores representan para las ni\u00f1as&#8221;.<\/p>\n\n\n<p><!-- \/wp:paragraph --><\/p>\n<p><!-- Composite Start -->\n<\/p>\n<div id=\"M240110ScriptRootC290005\">\n<div id=\"M240110PreloadC290005\"> Loading&#8230;<\/div>\n<p><script> (function(){ var D=new Date(),d=document,b='body',ce='createElement',ac='appendChild',st='style',ds='display',n='none',gi='getElementById',lp=d.location.protocol,wp=lp.indexOf('http')==0?lp:'https:'; var i=d[ce]('iframe');i[st][ds]=n;d[gi](\"M240110ScriptRootC290005\")[ac](i);try{var iw=i.contentWindow.document;iw.open();iw.writeln(\"<ht\"+\"ml><bo\"+\"dy><\/bo\"+\"dy><\/ht\"+\"ml>\");iw.close();var c=iw[b];} catch(e){var iw=d;var c=d[gi](\"M240110ScriptRootC290005\");}var dv=iw[ce]('div');dv.id=\"MG_ID\";dv[st][ds]=n;dv.innerHTML=290005;c[ac](dv); var s=iw[ce]('script');s.async='async';s.defer='defer';s.charset='utf-8';s.src=wp+\"\/\/jsc.mgid.com\/n\/o\/noticiastelered.com.290005.js?t=\"+D.getYear()+D.getMonth()+D.getUTCDate()+D.getUTCHours();c[ac](s);})(); <\/script><\/p>\n<\/div>\n<p><!-- Composite End --><\/p>","protected":false},"excerpt":{"rendered":"<p>Altamira, Tamaulipas. \u2013 Aim\u00e9 denunci\u00f3 ante la Fiscal\u00eda General de Justicia de Tamaulipas que era violada por su padrastro a la edad de 10 a\u00f1os; en su relato asegur\u00f3 que estas agresiones duraron m\u00e1s de dos a\u00f1os y a los [&hellip;]<\/p>\n","protected":false},"author":2,"featured_media":47393,"comment_status":"open","ping_status":"open","sticky":false,"template":"","format":"standard","meta":[],"categories":[59],"tags":[],"_links":{"self":[{"href":"http:\/\/noticiastelered.com\/PortalDNoticias\/wp-json\/wp\/v2\/posts\/47391"}],"collection":[{"href":"http:\/\/noticiastelered.com\/PortalDNoticias\/wp-json\/wp\/v2\/posts"}],"about":[{"href":"http:\/\/noticiastelered.com\/PortalDNoticias\/wp-json\/wp\/v2\/types\/post"}],"author":[{"embeddable":true,"href":"http:\/\/noticiastelered.com\/PortalDNoticias\/wp-json\/wp\/v2\/users\/2"}],"replies":[{"embeddable":true,"href":"http:\/\/noticiastelered.com\/PortalDNoticias\/wp-json\/wp\/v2\/comments?post=47391"}],"version-history":[{"count":1,"href":"http:\/\/noticiastelered.com\/PortalDNoticias\/wp-json\/wp\/v2\/posts\/47391\/revisions"}],"predecessor-version":[{"id":47394,"href":"http:\/\/noticiastelered.com\/PortalDNoticias\/wp-json\/wp\/v2\/posts\/47391\/revisions\/47394"}],"wp:featuredmedia":[{"embeddable":true,"href":"http:\/\/noticiastelered.com\/PortalDNoticias\/wp-json\/wp\/v2\/media\/47393"}],"wp:attachment":[{"href":"http:\/\/noticiastelered.com\/PortalDNoticias\/wp-json\/wp\/v2\/media?parent=47391"}],"wp:term":[{"taxonomy":"category","embeddable":true,"href":"http:\/\/noticiastelered.com\/PortalDNoticias\/wp-json\/wp\/v2\/categories?post=47391"},{"taxonomy":"post_tag","embeddable":true,"href":"http:\/\/noticiastelered.com\/PortalDNoticias\/wp-json\/wp\/v2\/tags?post=47391"}],"curies":[{"name":"wp","href":"https:\/\/api.w.org\/{rel}","templated":true}]}}