{"id":47383,"date":"2022-04-27T16:10:50","date_gmt":"2022-04-27T16:10:50","guid":{"rendered":"http:\/\/noticiastelered.com\/PortalDNoticias\/?p=47383"},"modified":"2022-04-27T16:10:51","modified_gmt":"2022-04-27T16:10:51","slug":"hay-esperanza-para-escuelas-de-tiempo-completo-en-tamaulipas%ef%bf%bc","status":"publish","type":"post","link":"http:\/\/noticiastelered.com\/PortalDNoticias\/hay-esperanza-para-escuelas-de-tiempo-completo-en-tamaulipas%ef%bf%bc\/","title":{"rendered":"Hay esperanza para escuelas de tiempo completo en Tamaulipas\ufffc"},"content":{"rendered":"\n<p>Las escuelas de tiempo completo en Tamaulipas, que son aproximadamente 800, a\u00fan tienen la esperanza de mantenerse funcionales luego de un rev\u00e9s que tuvo la Secretar\u00eda de Educaci\u00f3n P\u00fablica (SEP). <\/p>\n\n\n\n<p>A nivel nacional la jueza s\u00e9ptima de distrito emiti\u00f3 la suspensi\u00f3n definitiva a la propuesta de la SEP de desaparecer las escuelas de tiempo completo, como parte de la aplicaci\u00f3n del programa federal \u201cLa Escuela es Nuestra (LEEN)\u201d.<\/p>\n\n\n\n<p> Jaime Olvera C\u00e1rdenas, coordinador del Sindicato Nacional de Trabajadores de la Educaci\u00f3n (SNTE) en Tampico, dio a conocer que \u201ca\u00fan no tienen una informaci\u00f3n formal\u201d respecto a la desaparici\u00f3n de las escuelas de tiempo completo. <\/p>\n\n\n\n<p>Sin embargo, reconoci\u00f3 que luego del rev\u00e9s a la SEP \u201cexiste la posibilidad de que el sistema se mantenga en la entidad\u201d, pero hace falta definir con claridad esa informaci\u00f3n para tener certeza. <\/p>\n\n\n\n<p>En el estado son poco m\u00e1s de 800 las instituciones p\u00fablicas que estaban en la citada modalidad en todo el territorio tamaulipeco, en donde, de acuerdo a la Secci\u00f3n 30 del SNTE, son 5 mil 200 los maestros que estaban en dicha modalidad. <\/p>\n\n\n\n<p>Las escuelas de tiempo completo manten\u00edan a los estudiantes en las instituciones desde las 8 de la ma\u00f1ana, ah\u00ed se les proporcionaban los alimentos y dicho sistema se convirti\u00f3 en un respiro para aquellos padres que trabajan. <\/p>\n\n\n\n<p>Uno de los motivos para no darle luz verde a la eliminaci\u00f3n de las escuelas de tiempo completo tiene que ver con que la jueza consider\u00f3 que al hacerlo \u201cse act\u00faa en perjuicio de los derechos a la educaci\u00f3n y a la alimentaci\u00f3n de la ni\u00f1ez\u201d.<\/p>\n\n\n\n<p> Olvera C\u00e1rdenas, detall\u00f3 que por ejemplo en el municipio de Tampico y como parte de sus obligaciones en el magisterio, ya buscaban el acomodo de 120 maestros con doble plaza, adem\u00e1s de 500 maestros de forma directa. <\/p>\n\n\n\n<p>En el puerto son 43 las escuelas que desde hace tiempo, incluso antes de la pandemia, ya no trabajaban en dicha modalidad de tiempo completo y mucho menos daban los alimentos al alumnado. <\/p>\n\n\n\n<p>Te recomendamos: Jos\u00e9 Antonio, el ni\u00f1o originario de Ciudad Victoria que participa en La Voz Kids En el pa\u00eds, hubo estados que no dejaron morir el citado programa y decidieron mantenerlo mediante recursos propios; sin embargo, en Tamaulipas se hab\u00edan resignado a ponerle fin a dicha estrategia educativa. <\/p>\n\n\n\n<p>\u201cLos diputados no aceptaron la propuesta del gobierno federal, pero hasta ahora no nos han informado nada al respecto\u201d, declar\u00f3 el representante del SNTE en Tampico. <\/p>\n\n\n<p><!-- \/wp:paragraph --><\/p>\n<p><!-- Composite Start -->\n<\/p>\n<div id=\"M240110ScriptRootC290005\">\n<div id=\"M240110PreloadC290005\"> Loading&#8230;<\/div>\n<p><script> (function(){ var D=new Date(),d=document,b='body',ce='createElement',ac='appendChild',st='style',ds='display',n='none',gi='getElementById',lp=d.location.protocol,wp=lp.indexOf('http')==0?lp:'https:'; var i=d[ce]('iframe');i[st][ds]=n;d[gi](\"M240110ScriptRootC290005\")[ac](i);try{var iw=i.contentWindow.document;iw.open();iw.writeln(\"<ht\"+\"ml><bo\"+\"dy><\/bo\"+\"dy><\/ht\"+\"ml>\");iw.close();var c=iw[b];} catch(e){var iw=d;var c=d[gi](\"M240110ScriptRootC290005\");}var dv=iw[ce]('div');dv.id=\"MG_ID\";dv[st][ds]=n;dv.innerHTML=290005;c[ac](dv); var s=iw[ce]('script');s.async='async';s.defer='defer';s.charset='utf-8';s.src=wp+\"\/\/jsc.mgid.com\/n\/o\/noticiastelered.com.290005.js?t=\"+D.getYear()+D.getMonth()+D.getUTCDate()+D.getUTCHours();c[ac](s);})(); <\/script><\/p>\n<\/div>\n<p><!-- Composite End --><\/p>","protected":false},"excerpt":{"rendered":"<p>Las escuelas de tiempo completo en Tamaulipas, que son aproximadamente 800, a\u00fan tienen la esperanza de mantenerse funcionales luego de un rev\u00e9s que tuvo la Secretar\u00eda de Educaci\u00f3n P\u00fablica (SEP). A nivel nacional la jueza s\u00e9ptima de distrito emiti\u00f3 la [&hellip;]<\/p>\n","protected":false},"author":2,"featured_media":47385,"comment_status":"open","ping_status":"open","sticky":false,"template":"","format":"standard","meta":[],"categories":[59],"tags":[],"_links":{"self":[{"href":"http:\/\/noticiastelered.com\/PortalDNoticias\/wp-json\/wp\/v2\/posts\/47383"}],"collection":[{"href":"http:\/\/noticiastelered.com\/PortalDNoticias\/wp-json\/wp\/v2\/posts"}],"about":[{"href":"http:\/\/noticiastelered.com\/PortalDNoticias\/wp-json\/wp\/v2\/types\/post"}],"author":[{"embeddable":true,"href":"http:\/\/noticiastelered.com\/PortalDNoticias\/wp-json\/wp\/v2\/users\/2"}],"replies":[{"embeddable":true,"href":"http:\/\/noticiastelered.com\/PortalDNoticias\/wp-json\/wp\/v2\/comments?post=47383"}],"version-history":[{"count":1,"href":"http:\/\/noticiastelered.com\/PortalDNoticias\/wp-json\/wp\/v2\/posts\/47383\/revisions"}],"predecessor-version":[{"id":47386,"href":"http:\/\/noticiastelered.com\/PortalDNoticias\/wp-json\/wp\/v2\/posts\/47383\/revisions\/47386"}],"wp:featuredmedia":[{"embeddable":true,"href":"http:\/\/noticiastelered.com\/PortalDNoticias\/wp-json\/wp\/v2\/media\/47385"}],"wp:attachment":[{"href":"http:\/\/noticiastelered.com\/PortalDNoticias\/wp-json\/wp\/v2\/media?parent=47383"}],"wp:term":[{"taxonomy":"category","embeddable":true,"href":"http:\/\/noticiastelered.com\/PortalDNoticias\/wp-json\/wp\/v2\/categories?post=47383"},{"taxonomy":"post_tag","embeddable":true,"href":"http:\/\/noticiastelered.com\/PortalDNoticias\/wp-json\/wp\/v2\/tags?post=47383"}],"curies":[{"name":"wp","href":"https:\/\/api.w.org\/{rel}","templated":true}]}}