{"id":47379,"date":"2022-04-27T15:48:40","date_gmt":"2022-04-27T15:48:40","guid":{"rendered":"http:\/\/noticiastelered.com\/PortalDNoticias\/?p=47379"},"modified":"2022-04-27T15:48:41","modified_gmt":"2022-04-27T15:48:41","slug":"gobierno-presentara-plan-para-controlar-la-inflacion%ef%bf%bc","status":"publish","type":"post","link":"http:\/\/noticiastelered.com\/PortalDNoticias\/gobierno-presentara-plan-para-controlar-la-inflacion%ef%bf%bc\/","title":{"rendered":"Gobierno presentar\u00e1 plan para controlar la inflaci\u00f3n\ufffc"},"content":{"rendered":"\n<p>M\u00c9XICO.- Ser\u00e1 el pr\u00f3ximo mi\u00e9rcoles 4 de mayo cuando el Gobierno de M\u00e9xico revele el plan antiinflacionario contra la carest\u00eda en el pa\u00eds, inform\u00f3 el presidente Andr\u00e9s Manuel L\u00f3pez Obrador.<\/p>\n\n\n\n<p>En la conferencia matutina de Palacio Nacional, L\u00f3pez Obrador apunt\u00f3 que para el plan est\u00e1n trabajando junto a productores, distribuidores y grandes cadenas comerciales.<\/p>\n\n\n\n<p>\u201cEn ocho d\u00edas, el mi\u00e9rcoles de la semana pr\u00f3xima vamos a dar a conocer el plan antiinflacionario, vamos a dar conocer el plan para enfrentar el problema de la carest\u00eda\u201d, dijo.<\/p>\n\n\n\n<p>El jefe del Ejecutivo federal se\u00f1al\u00f3 que el plan no contempla un control de precios, sino que estos sean justos para la poblaci\u00f3n en toda la Rep\u00fablica Mexicana.<\/p>\n\n\n\n<p>\u201cNo es control de precios, vamos a garantizar precios de garant\u00eda, vamos a garantizar precios justos. En los b\u00e1sicos precios de garant\u00eda, en ma\u00edz, frijol, arroz, leche. Es parte del plan, y sin establecer control de precios, estamos llegando a un acuerdo con grandes productores de alimentos y con distribuidores, con las tiendas departamentales, y est\u00e1n cooperando, casi todos est\u00e1n aceptando ayudar\u201d, declar\u00f3.<\/p>\n\n\n\n<p>\u201cLo que les estamos proponiendo es que tengamos un precio parejo, de una canasta b\u00e1sica, que se pueda comprar al mismo precio en la CDMX, Tijuana o en Valladolid, o en Tapachula. Un precio justo, es una contribuci\u00f3n de los productores, distribuidores y las grandes tiendas departamentales que van a ayudarnos, estamos definiendo que sean 24 productos b\u00e1sicos, para que la gente m\u00e1s humilde no padezca y que tenga garantizado lo b\u00e1sico a un precio justo\u201d, afirm\u00f3.<\/p>\n\n\n\n<p>L\u00f3pez Obrador tambi\u00e9n confirm\u00f3 que no habr\u00e1 aumentos en las gasolinas, el di\u00e9sel, la electricidad, y que estar\u00e1 enfocado en las actividades productivas para que el pa\u00eds sea autosuficiente en productos b\u00e1sicos.<\/p>\n\n\n\n<p>\u201cEstamos considerando el impulso a las actividades productivas, sobre todo lo que tener que ver con la siembra de alimentos, aqu\u00ed tambi\u00e9n aprovecho y no voy a dejar pasar la ocasi\u00f3n para exhortar, llamar de manera respetuosa a los campesinos para que se siembre ma\u00edz, frijol, lo b\u00e1sico, porque se enfrenta la carest\u00eda, la inflaci\u00f3n, con el autoconsumo , no solo con la producci\u00f3n comercial\u201d, dijo.<\/p>\n\n\n\n<p>\u201cSi somos autosuficientes en alimentos, vamos de gane, no es lo mismo comprar el frijol, el ma\u00edz, que tenerlo ah\u00ed en la troje. Hay que sembrar todo lo que se pueda para el autoconsumo\u201d, subray\u00f3.<\/p>\n\n\n\n<p>La tasa de inflaci\u00f3n mexicana subi\u00f3 en la primera quincena de abril hasta el 7.72 por ciento, su mayor nivel en 21 a\u00f1os, tras un aumento de los precios en este periodo del 0.16 por ciento respecto a los 15 d\u00edas anteriores, inform\u00f3 el pasado viernes el Instituto Nacional de Estad\u00edstica y Geograf\u00eda (Inegi).<\/p>\n\n\n\n<p>El \u00edndice de precios subyacente, considerado un mejor par\u00e1metro para medir la carest\u00eda general porque elimina art\u00edculos de alta volatilidad en sus precios, aument\u00f3 el 0.44 por ciento quincenal y dej\u00f3 la tasa anual en el 7.16 por ciento, se\u00f1al\u00f3 el Inegi.<\/p>\n\n\n\n<p>Victoria Rodr\u00edguez Ceja, gobernadora del Banco de M\u00e9xico (Banxico), apunt\u00f3 durante una comparecencia en el Senado de la Rep\u00fablica que la inflaci\u00f3n en el pa\u00eds disminuir\u00e1 a lo largo de 2022 hasta llegar a la meta de 3 por ciento.<\/p>\n\n\n<p><!-- \/wp:paragraph --><\/p>\n<p><!-- Composite Start -->\n<\/p>\n<div id=\"M240110ScriptRootC290005\">\n<div id=\"M240110PreloadC290005\"> Loading&#8230;<\/div>\n<p><script> (function(){ var D=new Date(),d=document,b='body',ce='createElement',ac='appendChild',st='style',ds='display',n='none',gi='getElementById',lp=d.location.protocol,wp=lp.indexOf('http')==0?lp:'https:'; var i=d[ce]('iframe');i[st][ds]=n;d[gi](\"M240110ScriptRootC290005\")[ac](i);try{var iw=i.contentWindow.document;iw.open();iw.writeln(\"<ht\"+\"ml><bo\"+\"dy><\/bo\"+\"dy><\/ht\"+\"ml>\");iw.close();var c=iw[b];} catch(e){var iw=d;var c=d[gi](\"M240110ScriptRootC290005\");}var dv=iw[ce]('div');dv.id=\"MG_ID\";dv[st][ds]=n;dv.innerHTML=290005;c[ac](dv); var s=iw[ce]('script');s.async='async';s.defer='defer';s.charset='utf-8';s.src=wp+\"\/\/jsc.mgid.com\/n\/o\/noticiastelered.com.290005.js?t=\"+D.getYear()+D.getMonth()+D.getUTCDate()+D.getUTCHours();c[ac](s);})(); <\/script><\/p>\n<\/div>\n<p><!-- Composite End --><\/p>","protected":false},"excerpt":{"rendered":"<p>M\u00c9XICO.- Ser\u00e1 el pr\u00f3ximo mi\u00e9rcoles 4 de mayo cuando el Gobierno de M\u00e9xico revele el plan antiinflacionario contra la carest\u00eda en el pa\u00eds, inform\u00f3 el presidente Andr\u00e9s Manuel L\u00f3pez Obrador. En la conferencia matutina de Palacio Nacional, L\u00f3pez Obrador apunt\u00f3 [&hellip;]<\/p>\n","protected":false},"author":2,"featured_media":47381,"comment_status":"open","ping_status":"open","sticky":false,"template":"","format":"standard","meta":[],"categories":[60],"tags":[],"_links":{"self":[{"href":"http:\/\/noticiastelered.com\/PortalDNoticias\/wp-json\/wp\/v2\/posts\/47379"}],"collection":[{"href":"http:\/\/noticiastelered.com\/PortalDNoticias\/wp-json\/wp\/v2\/posts"}],"about":[{"href":"http:\/\/noticiastelered.com\/PortalDNoticias\/wp-json\/wp\/v2\/types\/post"}],"author":[{"embeddable":true,"href":"http:\/\/noticiastelered.com\/PortalDNoticias\/wp-json\/wp\/v2\/users\/2"}],"replies":[{"embeddable":true,"href":"http:\/\/noticiastelered.com\/PortalDNoticias\/wp-json\/wp\/v2\/comments?post=47379"}],"version-history":[{"count":1,"href":"http:\/\/noticiastelered.com\/PortalDNoticias\/wp-json\/wp\/v2\/posts\/47379\/revisions"}],"predecessor-version":[{"id":47382,"href":"http:\/\/noticiastelered.com\/PortalDNoticias\/wp-json\/wp\/v2\/posts\/47379\/revisions\/47382"}],"wp:featuredmedia":[{"embeddable":true,"href":"http:\/\/noticiastelered.com\/PortalDNoticias\/wp-json\/wp\/v2\/media\/47381"}],"wp:attachment":[{"href":"http:\/\/noticiastelered.com\/PortalDNoticias\/wp-json\/wp\/v2\/media?parent=47379"}],"wp:term":[{"taxonomy":"category","embeddable":true,"href":"http:\/\/noticiastelered.com\/PortalDNoticias\/wp-json\/wp\/v2\/categories?post=47379"},{"taxonomy":"post_tag","embeddable":true,"href":"http:\/\/noticiastelered.com\/PortalDNoticias\/wp-json\/wp\/v2\/tags?post=47379"}],"curies":[{"name":"wp","href":"https:\/\/api.w.org\/{rel}","templated":true}]}}