{"id":47299,"date":"2022-04-26T15:41:18","date_gmt":"2022-04-26T15:41:18","guid":{"rendered":"http:\/\/noticiastelered.com\/PortalDNoticias\/?p=47299"},"modified":"2022-04-26T15:41:18","modified_gmt":"2022-04-26T15:41:18","slug":"suspenden-ejecucion-de-la-mexicana-melissa-lucio-en-estados-unidos%ef%bf%bc","status":"publish","type":"post","link":"http:\/\/noticiastelered.com\/PortalDNoticias\/suspenden-ejecucion-de-la-mexicana-melissa-lucio-en-estados-unidos%ef%bf%bc\/","title":{"rendered":"Suspenden ejecuci\u00f3n de la mexicana Melissa Lucio en Estados Unidos\ufffc"},"content":{"rendered":"\n<p>ESTADOS UNIDOS.- Un tribunal de apelaciones de Texas suspendi\u00f3 este lunes la ejecuci\u00f3n prevista para el mi\u00e9rcoles de Melissa Lucio, una estadounidense de origen mexicano condenada a muerte por presuntamente haber asesinado de su hija tras un pol\u00e9mico juicio, anunciaron sus abogados.<\/p>\n\n\n\n<p>Otro tribunal de Texas examinar\u00e1 \u201cnuevas pruebas de su inocencia\u201d, precisan en el comunicado.<\/p>\n\n\n\n<p>La Corte pidi\u00f3 en su resoluci\u00f3n que se revise la acusaci\u00f3n de la defensa, ante las m\u00faltiples dudas despertadas por su condena en 2007 y el hecho de que varios de los miembros del jurado que la condenaron en un principio se retractaran p\u00fablicamente de su veredicto.<\/p>\n\n\n\n<p>\u201cEstoy agradecida de tener m\u00e1s d\u00edas para ser madre de mis hijos y abuela de mis nietos\u201d, dijo Lucio en un comunicado compartido por Innocence Project en el que remarc\u00f3 su fe en Dios y el apoyo recibido por sus familiares y toda la comunidad.<\/p>\n\n\n\n<p>John Lucio, uno de los hijos de Melissa, declar\u00f3 en un encuentro con medios que se encontraba muy feliz y que festejar\u00edan todos en la tarde la noticia.<\/p>\n\n\n\n<p>\u201cA mi mam\u00e1 no la van a matar. Me siento muy alegre y muy contento. Peleamos por 15 a\u00f1os por mi mam\u00e1\u201d, dijo casi sin poder creer la noticia.<\/p>\n\n\n\n<p>Cabe recordar que la hispana est\u00e1 en el corredor de la muerte desde 2008, pues fue condenada por la muerte de la peque\u00f1a de 2 a\u00f1os, un crimen que ella dice no haber cometido. La madre de 53 a\u00f1os ser\u00eda la primera latina en recibir la inyecci\u00f3n letal en el estado.<\/p>\n\n\n<p><!-- \/wp:paragraph --><\/p>\n<p><!-- Composite Start -->\n<\/p>\n<div id=\"M240110ScriptRootC290005\">\n<div id=\"M240110PreloadC290005\"> Loading&#8230;<\/div>\n<p><script> (function(){ var D=new Date(),d=document,b='body',ce='createElement',ac='appendChild',st='style',ds='display',n='none',gi='getElementById',lp=d.location.protocol,wp=lp.indexOf('http')==0?lp:'https:'; var i=d[ce]('iframe');i[st][ds]=n;d[gi](\"M240110ScriptRootC290005\")[ac](i);try{var iw=i.contentWindow.document;iw.open();iw.writeln(\"<ht\"+\"ml><bo\"+\"dy><\/bo\"+\"dy><\/ht\"+\"ml>\");iw.close();var c=iw[b];} catch(e){var iw=d;var c=d[gi](\"M240110ScriptRootC290005\");}var dv=iw[ce]('div');dv.id=\"MG_ID\";dv[st][ds]=n;dv.innerHTML=290005;c[ac](dv); var s=iw[ce]('script');s.async='async';s.defer='defer';s.charset='utf-8';s.src=wp+\"\/\/jsc.mgid.com\/n\/o\/noticiastelered.com.290005.js?t=\"+D.getYear()+D.getMonth()+D.getUTCDate()+D.getUTCHours();c[ac](s);})(); <\/script><\/p>\n<\/div>\n<p><!-- Composite End --><\/p>","protected":false},"excerpt":{"rendered":"<p>ESTADOS UNIDOS.- Un tribunal de apelaciones de Texas suspendi\u00f3 este lunes la ejecuci\u00f3n prevista para el mi\u00e9rcoles de Melissa Lucio, una estadounidense de origen mexicano condenada a muerte por presuntamente haber asesinado de su hija tras un pol\u00e9mico juicio, anunciaron [&hellip;]<\/p>\n","protected":false},"author":2,"featured_media":47301,"comment_status":"open","ping_status":"open","sticky":false,"template":"","format":"standard","meta":[],"categories":[61],"tags":[],"_links":{"self":[{"href":"http:\/\/noticiastelered.com\/PortalDNoticias\/wp-json\/wp\/v2\/posts\/47299"}],"collection":[{"href":"http:\/\/noticiastelered.com\/PortalDNoticias\/wp-json\/wp\/v2\/posts"}],"about":[{"href":"http:\/\/noticiastelered.com\/PortalDNoticias\/wp-json\/wp\/v2\/types\/post"}],"author":[{"embeddable":true,"href":"http:\/\/noticiastelered.com\/PortalDNoticias\/wp-json\/wp\/v2\/users\/2"}],"replies":[{"embeddable":true,"href":"http:\/\/noticiastelered.com\/PortalDNoticias\/wp-json\/wp\/v2\/comments?post=47299"}],"version-history":[{"count":1,"href":"http:\/\/noticiastelered.com\/PortalDNoticias\/wp-json\/wp\/v2\/posts\/47299\/revisions"}],"predecessor-version":[{"id":47302,"href":"http:\/\/noticiastelered.com\/PortalDNoticias\/wp-json\/wp\/v2\/posts\/47299\/revisions\/47302"}],"wp:featuredmedia":[{"embeddable":true,"href":"http:\/\/noticiastelered.com\/PortalDNoticias\/wp-json\/wp\/v2\/media\/47301"}],"wp:attachment":[{"href":"http:\/\/noticiastelered.com\/PortalDNoticias\/wp-json\/wp\/v2\/media?parent=47299"}],"wp:term":[{"taxonomy":"category","embeddable":true,"href":"http:\/\/noticiastelered.com\/PortalDNoticias\/wp-json\/wp\/v2\/categories?post=47299"},{"taxonomy":"post_tag","embeddable":true,"href":"http:\/\/noticiastelered.com\/PortalDNoticias\/wp-json\/wp\/v2\/tags?post=47299"}],"curies":[{"name":"wp","href":"https:\/\/api.w.org\/{rel}","templated":true}]}}