{"id":47295,"date":"2022-04-26T15:37:47","date_gmt":"2022-04-26T15:37:47","guid":{"rendered":"http:\/\/noticiastelered.com\/PortalDNoticias\/?p=47295"},"modified":"2022-04-26T15:37:48","modified_gmt":"2022-04-26T15:37:48","slug":"andra-escamilla-companere-denuncia-filtracion-de-video-intimo%ef%bf%bc","status":"publish","type":"post","link":"http:\/\/noticiastelered.com\/PortalDNoticias\/andra-escamilla-companere-denuncia-filtracion-de-video-intimo%ef%bf%bc\/","title":{"rendered":"Andra Escamilla \u201ccompa\u00f1ere\u201d denuncia filtraci\u00f3n de video \u00edntimo\ufffc"},"content":{"rendered":"\n<p>M\u00c9XICO.- La fama de Andra Milla en redes sociales surgi\u00f3 durante una clase online que se hizo viral, en la que su compa\u00f1ero de carrera se refiri\u00f3 a ella como \u201ccompa\u00f1era\u201d, y Andra, molesta, rectific\u00f3 y pidi\u00f3 que le llamaran \u201ccompa\u00f1ere\u201d pues se asume como persona no binaria, es decir, sin identidad femenina o masculina.<\/p>\n\n\n\n<p>Despu\u00e9s de que se viraliz\u00f3 el video en el que pide que se refieran a ella como \u201ccompa\u00f1ere\u201d, la joven estudiante de animaci\u00f3n recibi\u00f3 lo mismo una gran cantidad de cr\u00edticas y comentarios de apoyo por su postura sobre el lenguaje inclusivo.<\/p>\n\n\n\n<p>A partir de ese momento Andra Escamilla se ha dedicado a defender el lenguaje inclusivo en las diferentes plataformas digitales.<\/p>\n\n\n\n<p>En su red social de TikTok, la compa\u00f1ere asegur\u00f3 que todos los a\u00f1os ha enviado un escrito a sus maestros solicitando que se utilice el pronombre \u201celle\u201d al dirigirse a su persona.<\/p>\n\n\n\n<p>Posteriormente public\u00f3 un video en el que explica que su nombre es Andra, no Andr\u00e9 o Andro, derivado de la palabra griega Andros, que significa \u201chombre\u201d.<\/p>\n\n\n\n<p>En otro de sus videos, Andra explica c\u00f3mo funciona el lenguaje inclusivo, al se\u00f1alar que \u00e9ste se modifica a lo largo del tiempo, y como gesto de inclusi\u00f3n, las palabras que ten\u00edan un g\u00e9nero definido cambian su terminaci\u00f3n a fin de que las personas se sientan c\u00f3modos de acuerdo con su identidad.<\/p>\n\n\n\n<p>Denuncia que filtran su video<br>Hace unos d\u00edas se dio a conocer la filtraci\u00f3n de un video de Andra Escamilla, \u201cla compa\u00f1ere\u201d tras abrir una cuenta en Fansly, sitio similar a Only Fans.<\/p>\n\n\n\n<p>El contenido fue distribuido por plataformas como Twitter y Facebook; ser\u00eda la segunda vez en menos de un mes que podr\u00eda ser v\u00edctima de ciberacoso.<\/p>\n\n\n\n<p>Hola, subieron un video del Fansly a Twitter y Facebook, ya posiblemente a Reddit y Telegram, y a una plataforma, entonces si lo ven por favor den\u00fancienlo\u201d, pidi\u00f3 Escamilla a sus seguidores de TikTok<\/p>\n\n\n\n<p>Pero que muy pronto acus\u00f3 que un grupo de individuos hab\u00edan comenzado a difundir ilegalmente una serie de im\u00e1genes suyas \u201csin ropa\u201d, junto a las de otras chicas, a trav\u00e9s de Telegram.<\/p>\n\n\n<p><!-- \/wp:paragraph --><\/p>\n<p><!-- Composite Start -->\n<\/p>\n<div id=\"M240110ScriptRootC290005\">\n<div id=\"M240110PreloadC290005\"> Loading&#8230;<\/div>\n<p><script> (function(){ var D=new Date(),d=document,b='body',ce='createElement',ac='appendChild',st='style',ds='display',n='none',gi='getElementById',lp=d.location.protocol,wp=lp.indexOf('http')==0?lp:'https:'; var i=d[ce]('iframe');i[st][ds]=n;d[gi](\"M240110ScriptRootC290005\")[ac](i);try{var iw=i.contentWindow.document;iw.open();iw.writeln(\"<ht\"+\"ml><bo\"+\"dy><\/bo\"+\"dy><\/ht\"+\"ml>\");iw.close();var c=iw[b];} catch(e){var iw=d;var c=d[gi](\"M240110ScriptRootC290005\");}var dv=iw[ce]('div');dv.id=\"MG_ID\";dv[st][ds]=n;dv.innerHTML=290005;c[ac](dv); var s=iw[ce]('script');s.async='async';s.defer='defer';s.charset='utf-8';s.src=wp+\"\/\/jsc.mgid.com\/n\/o\/noticiastelered.com.290005.js?t=\"+D.getYear()+D.getMonth()+D.getUTCDate()+D.getUTCHours();c[ac](s);})(); <\/script><\/p>\n<\/div>\n<p><!-- Composite End --><\/p>","protected":false},"excerpt":{"rendered":"<p>M\u00c9XICO.- La fama de Andra Milla en redes sociales surgi\u00f3 durante una clase online que se hizo viral, en la que su compa\u00f1ero de carrera se refiri\u00f3 a ella como \u201ccompa\u00f1era\u201d, y Andra, molesta, rectific\u00f3 y pidi\u00f3 que le llamaran [&hellip;]<\/p>\n","protected":false},"author":2,"featured_media":47297,"comment_status":"open","ping_status":"open","sticky":false,"template":"","format":"standard","meta":[],"categories":[66],"tags":[],"_links":{"self":[{"href":"http:\/\/noticiastelered.com\/PortalDNoticias\/wp-json\/wp\/v2\/posts\/47295"}],"collection":[{"href":"http:\/\/noticiastelered.com\/PortalDNoticias\/wp-json\/wp\/v2\/posts"}],"about":[{"href":"http:\/\/noticiastelered.com\/PortalDNoticias\/wp-json\/wp\/v2\/types\/post"}],"author":[{"embeddable":true,"href":"http:\/\/noticiastelered.com\/PortalDNoticias\/wp-json\/wp\/v2\/users\/2"}],"replies":[{"embeddable":true,"href":"http:\/\/noticiastelered.com\/PortalDNoticias\/wp-json\/wp\/v2\/comments?post=47295"}],"version-history":[{"count":1,"href":"http:\/\/noticiastelered.com\/PortalDNoticias\/wp-json\/wp\/v2\/posts\/47295\/revisions"}],"predecessor-version":[{"id":47298,"href":"http:\/\/noticiastelered.com\/PortalDNoticias\/wp-json\/wp\/v2\/posts\/47295\/revisions\/47298"}],"wp:featuredmedia":[{"embeddable":true,"href":"http:\/\/noticiastelered.com\/PortalDNoticias\/wp-json\/wp\/v2\/media\/47297"}],"wp:attachment":[{"href":"http:\/\/noticiastelered.com\/PortalDNoticias\/wp-json\/wp\/v2\/media?parent=47295"}],"wp:term":[{"taxonomy":"category","embeddable":true,"href":"http:\/\/noticiastelered.com\/PortalDNoticias\/wp-json\/wp\/v2\/categories?post=47295"},{"taxonomy":"post_tag","embeddable":true,"href":"http:\/\/noticiastelered.com\/PortalDNoticias\/wp-json\/wp\/v2\/tags?post=47295"}],"curies":[{"name":"wp","href":"https:\/\/api.w.org\/{rel}","templated":true}]}}