{"id":47287,"date":"2022-04-26T15:25:39","date_gmt":"2022-04-26T15:25:39","guid":{"rendered":"http:\/\/noticiastelered.com\/PortalDNoticias\/?p=47287"},"modified":"2022-04-26T15:25:40","modified_gmt":"2022-04-26T15:25:40","slug":"abogados-del-bronco-buscan-amparo-por-prision-preventiva%ef%bf%bc","status":"publish","type":"post","link":"http:\/\/noticiastelered.com\/PortalDNoticias\/abogados-del-bronco-buscan-amparo-por-prision-preventiva%ef%bf%bc\/","title":{"rendered":"Abogados del \u2018Bronco\u2019 buscan amparo por prisi\u00f3n preventiva\ufffc"},"content":{"rendered":"\n<p>NUEVO LE\u00d3N.- La defensa legal del ex gobernador de Nuevo Le\u00f3n, Jaime Heliodoro \u201cN\u201d, El Bronco, confirm\u00f3 que esta misma semana estar\u00e1n tramitando el amparo en contra de la prisi\u00f3n preventiva por la requisa de Ecov\u00eda.<\/p>\n\n\n\n<p>Gabriel Eduardo Garc\u00eda, uno de los abogados del ex mandatario, dijo que, de momento, el primer amparo por el delito electoral est\u00e1 ya en tr\u00e1mite en espera de ser resuelto, sin embargo, se requiere otro amparo en contra del segundo delito para que su defendido pueda tener la posibilidad de salir de la c\u00e1rcel.<\/p>\n\n\n\n<p>El primer amparo est\u00e1 resolvi\u00e9ndose, est\u00e1 ya para continuar con el proceso en el mismo juicio de amparo y esperemos que en los pr\u00f3ximos d\u00edas podamos tener una buena respuesta.<\/p>\n\n\n\n<p>\u201cEl segundo amparo esta por interponerse el martes o mi\u00e9rcoles a m\u00e1s tardar, amparo contra el auto de vinculaci\u00f3n a proceso y la medida cautelar dictada en el segundo de los procesos, que es el tema de la Ecov\u00eda\u201d, indic\u00f3 Garc\u00eda.<\/p>\n\n\n\n<p>Se\u00f1al\u00f3 que el ex gobernador se encuentra tranquilo y sabe del tiempo que se puede llegar a tardar mientras se resuelve su situaci\u00f3n jur\u00eddica.<\/p>\n\n\n\n<p>En caso de que los dos amparos sean resueltos a favor de El Bronco, podr\u00eda recuperar la libertad pr\u00f3ximamente.<\/p>\n\n\n\n<p>Garc\u00eda explic\u00f3 que el caso del delito electoral se pas\u00f3 al Tribunal Colegiado, el cual est\u00e1 conformado por tres magistrados que ser\u00e1n los encargados de resolver si la competencia es del juez local o del federal.<\/p>\n\n\n\n<p><strong>NIEGAN ENTRADA A M\u00c9DICOS DE EL BRONCO<\/strong><\/p>\n\n\n\n<p>Pese a contar con el permiso de un juez federal para que los m\u00e9dicos del ex gobernador, Jaime Heliodoro \u201cN\u201d, ingresen a revisarlo en caso de ser necesario, este lunes se les neg\u00f3 el acceso por parte de las autoridades penitenciarias.<\/p>\n\n\n\n<p>El abogado Gabriel Eduardo Garc\u00eda declar\u00f3 que durante la ma\u00f1ana de este lunes se intent\u00f3 llevar a cabo una revisi\u00f3n por parte del m\u00e9dico que se encuentra tratando al ex gobernador de diversos problemas intestinales, sin embargo, tuvo que retirarse del lugar ante la negativa de acceso.<\/p>\n\n\n\n<p>Es por ello que el mismo El Bronco pidi\u00f3 a su equipo legal trabajar en el tema para que puedan revisarlo cuando se requiera.<\/p>\n\n\n\n<p>Lo que me pidi\u00f3 fue que vi\u00e9ramos la posibilidad de que ingresaran los m\u00e9dicos, ellos estuvieron por la ma\u00f1ana y no les dieron acceso a pesar de que un juez federal hab\u00eda ordenado se permitiera.<\/p>\n\n\n\n<p>\u201cEn raz\u00f3n de ello vinieron los m\u00e9dicos y no se les permiti\u00f3 entrar, el trae un par de molestias\u201d, explic\u00f3 Garc\u00eda.<\/p>\n\n\n<p><!-- \/wp:paragraph --><\/p>\n<p><!-- Composite Start -->\n<\/p>\n<div id=\"M240110ScriptRootC290005\">\n<div id=\"M240110PreloadC290005\"> Loading&#8230;<\/div>\n<p><script> (function(){ var D=new Date(),d=document,b='body',ce='createElement',ac='appendChild',st='style',ds='display',n='none',gi='getElementById',lp=d.location.protocol,wp=lp.indexOf('http')==0?lp:'https:'; var i=d[ce]('iframe');i[st][ds]=n;d[gi](\"M240110ScriptRootC290005\")[ac](i);try{var iw=i.contentWindow.document;iw.open();iw.writeln(\"<ht\"+\"ml><bo\"+\"dy><\/bo\"+\"dy><\/ht\"+\"ml>\");iw.close();var c=iw[b];} catch(e){var iw=d;var c=d[gi](\"M240110ScriptRootC290005\");}var dv=iw[ce]('div');dv.id=\"MG_ID\";dv[st][ds]=n;dv.innerHTML=290005;c[ac](dv); var s=iw[ce]('script');s.async='async';s.defer='defer';s.charset='utf-8';s.src=wp+\"\/\/jsc.mgid.com\/n\/o\/noticiastelered.com.290005.js?t=\"+D.getYear()+D.getMonth()+D.getUTCDate()+D.getUTCHours();c[ac](s);})(); <\/script><\/p>\n<\/div>\n<p><!-- Composite End --><\/p>","protected":false},"excerpt":{"rendered":"<p>NUEVO LE\u00d3N.- La defensa legal del ex gobernador de Nuevo Le\u00f3n, Jaime Heliodoro \u201cN\u201d, El Bronco, confirm\u00f3 que esta misma semana estar\u00e1n tramitando el amparo en contra de la prisi\u00f3n preventiva por la requisa de Ecov\u00eda. Gabriel Eduardo Garc\u00eda, uno [&hellip;]<\/p>\n","protected":false},"author":2,"featured_media":47289,"comment_status":"open","ping_status":"open","sticky":false,"template":"","format":"standard","meta":[],"categories":[60],"tags":[],"_links":{"self":[{"href":"http:\/\/noticiastelered.com\/PortalDNoticias\/wp-json\/wp\/v2\/posts\/47287"}],"collection":[{"href":"http:\/\/noticiastelered.com\/PortalDNoticias\/wp-json\/wp\/v2\/posts"}],"about":[{"href":"http:\/\/noticiastelered.com\/PortalDNoticias\/wp-json\/wp\/v2\/types\/post"}],"author":[{"embeddable":true,"href":"http:\/\/noticiastelered.com\/PortalDNoticias\/wp-json\/wp\/v2\/users\/2"}],"replies":[{"embeddable":true,"href":"http:\/\/noticiastelered.com\/PortalDNoticias\/wp-json\/wp\/v2\/comments?post=47287"}],"version-history":[{"count":1,"href":"http:\/\/noticiastelered.com\/PortalDNoticias\/wp-json\/wp\/v2\/posts\/47287\/revisions"}],"predecessor-version":[{"id":47290,"href":"http:\/\/noticiastelered.com\/PortalDNoticias\/wp-json\/wp\/v2\/posts\/47287\/revisions\/47290"}],"wp:featuredmedia":[{"embeddable":true,"href":"http:\/\/noticiastelered.com\/PortalDNoticias\/wp-json\/wp\/v2\/media\/47289"}],"wp:attachment":[{"href":"http:\/\/noticiastelered.com\/PortalDNoticias\/wp-json\/wp\/v2\/media?parent=47287"}],"wp:term":[{"taxonomy":"category","embeddable":true,"href":"http:\/\/noticiastelered.com\/PortalDNoticias\/wp-json\/wp\/v2\/categories?post=47287"},{"taxonomy":"post_tag","embeddable":true,"href":"http:\/\/noticiastelered.com\/PortalDNoticias\/wp-json\/wp\/v2\/tags?post=47287"}],"curies":[{"name":"wp","href":"https:\/\/api.w.org\/{rel}","templated":true}]}}